{"id":215361,"date":"2026-01-05T02:51:05","date_gmt":"2026-01-05T02:51:05","guid":{"rendered":"https:\/\/www.europesays.com\/pt\/215361\/"},"modified":"2026-01-05T02:51:05","modified_gmt":"2026-01-05T02:51:05","slug":"sobrelotada-com-mas-condicoes-e-um-historial-de-abusos-e-confrontos-entre-detidos-eis-a-prisao-onde-esta-maduro-expresso-2","status":"publish","type":"post","link":"https:\/\/www.europesays.com\/pt\/215361\/","title":{"rendered":"Sobrelotada, com m\u00e1s condi\u00e7\u00f5es e um historial de abusos e confrontos entre detidos: eis a pris\u00e3o onde est\u00e1 Maduro &#8211; Expresso"},"content":{"rendered":"<ol>\n<li><a href=\"https:\/\/news.google.com\/rss\/articles\/CBMi_gFBVV95cUxQLThUcVRaZFFPeGJ3UnpHVjBZdUI4TndOd3drdnlwYms1Zzc4ZldaNURSOXlFWlZZWUdCUUswaEhvRld3VDhBQ0VPOTZDT2h3dWtaZkNHeDJwTmFJUjhFZjZqNW5TWkRRYUlzTkhjaTFVNWI1b2VCcGVsYlFIdGlQUzFXNkhCZ1pTNDJfZmhaN0ZPSlJXemVQNk9kb1kwOFJET3ViUWdhYmRvZ2JNdzFwYW9rTTZybTkzd2cyU0M4XzJQeWZnODVpanRsRU1lT0xOVl80R2kyVHM4SVRDaUZmSlZPeURFdW5mTjdqZ25aWjNmTlZiZmhCT0RoVjZjUdIBqwRBVV95cUxORXRDSlloTmJ4OEFFbkJJZGx3X2JhdzlsLW9kQ3FNS3NSWjBwcXhFNVlNa1pDc2Zjam9EakNnSXFWU29QZkpRLTR1dHhjbG5GM2Z5TURnSzZScFB1VEp3VTdGZmx1QnlhazhRWnFQbUFJSmotWlNJazd6MXd2LXIwUUtFOWRqa1lGQ09HRzhLbEEzX3ZCOEptM19HVW9fM2RXdm9PVC1zQUZaUHZZRi1OajlNMmRXcXZiX3V5c2JhQ0Z4UGxsY281ZGZXaFRoSGZ4X051alVsbkJaYTM2YUF0VzNYeWNZZkJmME4yMkMyeUVrYzJLWlIwZHM0ZnhuU1U3LUIyaURmWXR3NEFSODhybENYYUxVbHRhQWduUlliOUtDVFJZRG8xS0FMTFdtX1JNRUlDUWJRb1lpUm10OXJ1NC1RcVBKUURBbXFvbk80dTNtbnlzclNjaGpFYXFiYkt2WDF6cFlDUlVldGhWRm9ka29xU3RSTjZyZk51Z1RNZnduZDNKeGF0eUlvZFFfSC1ZRTFmZ1R2TnhpTmNSSjRGVUNfMWlQVXR0SUJ6LVJ5UGhMZ2dqUUNVVzFsNFI3TXl6Nmgxa2Z0YlJ5OURaQmZnOXJZWXBsazZHazlkRC1UdDQxNHhfY2s0TnBXZkVydjcyVER3UUh5bnJEdUNDdVFWV3lyWmpEbzQzbVhqdHBiNFQzOEVoTEtvd3F6QndlWlAtLU9oQ1FnQ0hTZnc?oc=5\" target=\"_blank\" rel=\"nofollow noopener\">Sobrelotada, com m\u00e1s condi\u00e7\u00f5es e um historial de abusos e confrontos entre detidos: eis a pris\u00e3o onde est\u00e1 Maduro<\/a>&nbsp;&nbsp;Expresso<\/li>\n<li><a href=\"https:\/\/news.google.com\/rss\/articles\/CBMitwFBVV95cUxOZGEwU05MTHI2dTB0V20zSjljMlFWMWRXRTNNekdsc1JlV2c4Y0JtYUI3TTR3bEIwbWtNcUVRbWN6b3lLNmNOSUtBZk1pZTR2SHRfTFVkVXZiZ1hjX1AzTDMxdnRrZ0tvbEdRSk5TeUJua3FLT0pLMi1Db3VfdTd1Tjg2Sm5vNUZtVjdwRGpNaFpWU0VJY1dQbm02WlJqV2NlOTZKeWVhQVcwaU44akF4M1VxWWRyY3c?oc=5\" target=\"_blank\" rel=\"nofollow noopener\">Com Maduro preso nos EUA, patrim\u00f4nio bilion\u00e1rio pode ser confiscado e voltar \u00e0 Venezuela<\/a>&nbsp;&nbsp;Gazeta do Povo<\/li>\n<li><a href=\"https:\/\/news.google.com\/rss\/articles\/CBMirwFBVV95cUxPU1ZJcm13X0FRV2NlcmJCYllSVUFxQzdkQkdscUxqTmV0clQwV0ZWbWVQUFVRQVRiMVVhRXBDcWN1SlBCV1F6RFBUemFPcXN3RlY3WkZ1dUJKdW15M3pCTlJ3LUhOSEdfMktwN05BVjI3b0V1aHlCUk9YVGxLSmdzRTNnbzFFNmk0UXVIQ1hSa3FGQmtER2ZDbXlOZlprUU0tSkFBdnZjYUphcm9CTFN30gG-AUFVX3lxTFBvNTFaa01zS2hjdm1zRmhFVzEyZUFmMFowcXduM0NpUmk5MUdjRG5qWjZfVmo4Ym5ySk5kMll3YnlKanFzajBwLXppdjhXV004NGJ4Tk02d2dPVk9iZnRzaV9hRW80aDkxaFRuOElJYnhTZmFSY083Ykp5SGNubl9lejNqd19aOHNMTXRmb0FpZjNhMzBxNE03a21HREhsUGo2VFV3V2FUQ0JPYVJVRjZRclpuU3drU09ZUHdEamc?oc=5\" target=\"_blank\" rel=\"nofollow noopener\">Nicol\u00e1s Maduro aguarda audi\u00eancia de cust\u00f3dia em Nova York<\/a>&nbsp;&nbsp;G1<\/li>\n<li><a href=\"https:\/\/news.google.com\/rss\/articles\/CBMiXEFVX3lxTE9ZbDhVRElKREd4bVYyZXd6cXpaSlRSOWdxNWRwdW0tbjB4T3VoVGVJVHE1UVNkdGwxdDdfZTh3b3JsdEU2Uld0WHdTM0FhS3h1VHNhcXRWTXZ4M0R2?oc=5\" target=\"_blank\" rel=\"nofollow noopener\">AO VIVO Maduro e sua esposa comparecem a tribunal nesta segunda-feira em Nova York<\/a>&nbsp;&nbsp;BBC<\/li>\n<li><a href=\"https:\/\/news.google.com\/rss\/articles\/CBMi3wFBVV95cUxNRkxFVEh1em5uTWF6dnpySndRZEpxQmtDNWtsMUZBb0xEX191ejFKc1hyX0pVYmdtZFpGaWJrNC14N2lMRGRTREhYY1NyS2wxR0JfS21NS1libkI0aXg0SGJVUWNzeEVlVFZFU0dBck9BSW5JcExiTFFxWVBtTFJqOVh6RjVPTlNaeXAtZ2RONXB5eWhXQWxnSjJjRmhmbGR2dWx0NWFvM1dBd080bFN0R2MxRWI5U2NWdk5QZU83dUF2SklVZm1FQXBnUzhabDhSNEI3UjR4WWdwWHFRLVhB?oc=5\" target=\"_blank\" rel=\"nofollow noopener\">Quanto tempo Maduro pode ficar preso se for condenado? Dela\u00e7\u00e3o reduz pena?<\/a>&nbsp;&nbsp;UOL Not\u00edcias<\/li>\n<\/ol>\n","protected":false},"excerpt":{"rendered":"Sobrelotada, com m\u00e1s condi\u00e7\u00f5es e um historial de abusos e confrontos entre detidos: eis a pris\u00e3o onde est\u00e1&hellip;\n","protected":false},"author":2,"featured_media":196976,"comment_status":"","ping_status":"","sticky":false,"template":"","format":"standard","meta":{"footnotes":""},"categories":[50],"tags":[27,28,15,16,14,25,26,21,22,62,12,13,19,20,23,24,17,18,29,30,31,63,64,65],"class_list":{"0":"post-215361","1":"post","2":"type-post","3":"status-publish","4":"format-standard","5":"has-post-thumbnail","7":"category-mundo","8":"tag-breaking-news","9":"tag-breakingnews","10":"tag-featured-news","11":"tag-featurednews","12":"tag-headlines","13":"tag-latest-news","14":"tag-latestnews","15":"tag-main-news","16":"tag-mainnews","17":"tag-mundo","18":"tag-news","19":"tag-noticias","20":"tag-noticias-principais","21":"tag-noticiasprincipais","22":"tag-principais-noticias","23":"tag-principaisnoticias","24":"tag-top-stories","25":"tag-topstories","26":"tag-ultimas","27":"tag-ultimas-noticias","28":"tag-ultimasnoticias","29":"tag-world","30":"tag-world-news","31":"tag-worldnews"},"share_on_mastodon":{"url":"https:\/\/pubeurope.com\/@pt\/115840226668023522","error":""},"_links":{"self":[{"href":"https:\/\/www.europesays.com\/pt\/wp-json\/wp\/v2\/posts\/215361","targetHints":{"allow":["GET"]}}],"collection":[{"href":"https:\/\/www.europesays.com\/pt\/wp-json\/wp\/v2\/posts"}],"about":[{"href":"https:\/\/www.europesays.com\/pt\/wp-json\/wp\/v2\/types\/post"}],"author":[{"embeddable":true,"href":"https:\/\/www.europesays.com\/pt\/wp-json\/wp\/v2\/users\/2"}],"replies":[{"embeddable":true,"href":"https:\/\/www.europesays.com\/pt\/wp-json\/wp\/v2\/comments?post=215361"}],"version-history":[{"count":0,"href":"https:\/\/www.europesays.com\/pt\/wp-json\/wp\/v2\/posts\/215361\/revisions"}],"wp:featuredmedia":[{"embeddable":true,"href":"https:\/\/www.europesays.com\/pt\/wp-json\/wp\/v2\/media\/196976"}],"wp:attachment":[{"href":"https:\/\/www.europesays.com\/pt\/wp-json\/wp\/v2\/media?parent=215361"}],"wp:term":[{"taxonomy":"category","embeddable":true,"href":"https:\/\/www.europesays.com\/pt\/wp-json\/wp\/v2\/categories?post=215361"},{"taxonomy":"post_tag","embeddable":true,"href":"https:\/\/www.europesays.com\/pt\/wp-json\/wp\/v2\/tags?post=215361"}],"curies":[{"name":"wp","href":"https:\/\/api.w.org\/{rel}","templated":true}]}}