{"id":215377,"date":"2026-01-05T03:07:20","date_gmt":"2026-01-05T03:07:20","guid":{"rendered":"https:\/\/www.europesays.com\/pt\/215377\/"},"modified":"2026-01-05T03:07:20","modified_gmt":"2026-01-05T03:07:20","slug":"luis-o-maior-poeta-portugues-levava-uma-vida-dupla-por-amor-ao-jogo-e-as-mulheres","status":"publish","type":"post","link":"https:\/\/www.europesays.com\/pt\/215377\/","title":{"rendered":"Lu\u00eds, o maior poeta portugu\u00eas levava uma vida dupla por amor ao jogo e \u00e0s mulheres"},"content":{"rendered":"<p class=\"category\"><a href=\"https:\/\/sicnoticias.pt\/podcasts\/expresso-da-manha\" rel=\"nofollow noopener\" target=\"_blank\">Expresso da Manh\u00e3<\/a><\/p>\n<p class=\"status custom podcast\">Podcast<\/p>\n<p class=\"g-article-lead lead\" data-field=\"lead\">Para melhor se entender Os Lus\u00edadas e, sobretudo, para que os jovens na escola ganhem o gosto de aprender a poesia de Cam\u00f5es pode ser de grande utilidade conhecer a sua vida at\u00e9 onde ela se deu a conhecer sem margem para d\u00favidas, mas tamb\u00e9m do que sup\u00f5e que possa ter acontecido por ind\u00edcios claros que os diferentes bi\u00f3grafos foram encontrando nas suas pesquisas. A mais recente biografia de Lu\u00eds de Cam\u00f5es, publicada h\u00e1 um ano e meio, retrata o homem por detr\u00e1s do mito, num trabalho de cinco anos de Isabel Rio Novo, com quem Paulo Baldaia conversa neste Expresso da Manh\u00e3<\/p>\n<p>N\u00e3o se sabe ao certo o dia, o m\u00eas e o ano em que nasceu Lu\u00eds de Cam\u00f5es, nem sequer o lugar onde isso aconteceu. Mas sabe-se que morreu na mis\u00e9ria a 10 de Junho de 1580, oito anos anos depois de Os Lus\u00edadas serem publicados pela primeira vez.<\/p>\n<p>Porque hoje \u00e9 domingo, espreitamos o tema de capa da revista do Expresso, que tem uma entrevista de Luciana Leiderfarb a Jos\u00e9 Augusto Cardoso Bernardes, comiss\u00e1rio-geral das Comemora\u00e7\u00f5es do V Centen\u00e1rio do Nascimento de Lu\u00eds de Cam\u00f5es, e em que a escritora e autora da mais recente biografia de Cam\u00f5es, Isabel Rio Novo, tra\u00e7a a linha dos dias na vida do poeta at\u00e9 ao momento em que escreveu a sua obra mais conhecida.<\/p>\n<p>Neste podcast di\u00e1rio, Paulo Baldaia conversa com os jornalistas da reda\u00e7\u00e3o do Expresso, correspondentes internacionais e comentadores. De segunda a sexta-feira, a an\u00e1lise das not\u00edcias que sobrevivem \u00e0 espuma dos dias. Oi\u00e7a aqui outros epis\u00f3dios:<\/p>\n","protected":false},"excerpt":{"rendered":"Expresso da Manh\u00e3 Podcast Para melhor se entender Os Lus\u00edadas e, sobretudo, para que os jovens na escola&hellip;\n","protected":false},"author":2,"featured_media":215378,"comment_status":"","ping_status":"","sticky":false,"template":"","format":"standard","meta":{"footnotes":""},"categories":[8],"tags":[27,28,15,16,14,25,26,21,22,12,13,19,20,32,23,24,33,17,18,29,30,31],"class_list":{"0":"post-215377","1":"post","2":"type-post","3":"status-publish","4":"format-standard","5":"has-post-thumbnail","7":"category-principais-noticias","8":"tag-breaking-news","9":"tag-breakingnews","10":"tag-featured-news","11":"tag-featurednews","12":"tag-headlines","13":"tag-latest-news","14":"tag-latestnews","15":"tag-main-news","16":"tag-mainnews","17":"tag-news","18":"tag-noticias","19":"tag-noticias-principais","20":"tag-noticiasprincipais","21":"tag-portugal","22":"tag-principais-noticias","23":"tag-principaisnoticias","24":"tag-pt","25":"tag-top-stories","26":"tag-topstories","27":"tag-ultimas","28":"tag-ultimas-noticias","29":"tag-ultimasnoticias"},"share_on_mastodon":{"url":"https:\/\/pubeurope.com\/@pt\/115840289645899336","error":""},"_links":{"self":[{"href":"https:\/\/www.europesays.com\/pt\/wp-json\/wp\/v2\/posts\/215377","targetHints":{"allow":["GET"]}}],"collection":[{"href":"https:\/\/www.europesays.com\/pt\/wp-json\/wp\/v2\/posts"}],"about":[{"href":"https:\/\/www.europesays.com\/pt\/wp-json\/wp\/v2\/types\/post"}],"author":[{"embeddable":true,"href":"https:\/\/www.europesays.com\/pt\/wp-json\/wp\/v2\/users\/2"}],"replies":[{"embeddable":true,"href":"https:\/\/www.europesays.com\/pt\/wp-json\/wp\/v2\/comments?post=215377"}],"version-history":[{"count":0,"href":"https:\/\/www.europesays.com\/pt\/wp-json\/wp\/v2\/posts\/215377\/revisions"}],"wp:featuredmedia":[{"embeddable":true,"href":"https:\/\/www.europesays.com\/pt\/wp-json\/wp\/v2\/media\/215378"}],"wp:attachment":[{"href":"https:\/\/www.europesays.com\/pt\/wp-json\/wp\/v2\/media?parent=215377"}],"wp:term":[{"taxonomy":"category","embeddable":true,"href":"https:\/\/www.europesays.com\/pt\/wp-json\/wp\/v2\/categories?post=215377"},{"taxonomy":"post_tag","embeddable":true,"href":"https:\/\/www.europesays.com\/pt\/wp-json\/wp\/v2\/tags?post=215377"}],"curies":[{"name":"wp","href":"https:\/\/api.w.org\/{rel}","templated":true}]}}