{"id":215379,"date":"2026-01-05T03:08:10","date_gmt":"2026-01-05T03:08:10","guid":{"rendered":"https:\/\/www.europesays.com\/pt\/215379\/"},"modified":"2026-01-05T03:08:10","modified_gmt":"2026-01-05T03:08:10","slug":"nicole-kidman-ansiosa-por-2026-apos-fim-do-casamento-com-keith-urban","status":"publish","type":"post","link":"https:\/\/www.europesays.com\/pt\/215379\/","title":{"rendered":"Nicole Kidman &#8220;ansiosa por 2026&#8221; ap\u00f3s fim do casamento com Keith Urban"},"content":{"rendered":"<p>Nicole Kidman fez uma publica\u00e7\u00e3o na sexta-feira, dia 2 de janeiro, a celebrar o novo ano e mostrando-se &#8220;ansiosa&#8221; para este 2026.\u00a0<\/p>\n<p>&#8220;Ansiosa por 2026&#8221;, pode ler-se junto de uma fotografia onde Nicole Kidman aparece junto das filhas Sunday Rose, de 17 anos, e Faith Margaret, de 15, todas de costas para a c\u00e2mara enquanto se abra\u00e7avam.<\/p>\n<p> <img loading=\"lazy\" decoding=\"async\" src=\"https:\/\/www.europesays.com\/pt\/wp-content\/uploads\/2026\/01\/naom_6957d9139b384.jpg\" border=\"0\" alt=\"Not\u00edcias ao Minuto\" width=\"415\" height=\"722\"\/> Publica\u00e7\u00e3o de Nicole Kidman\u00a9 Instagram_https:\/\/www.instagram.com\/nicolekidman\/ \u00a0<\/p>\n<p>Esta mensagem chega depois de 2025 ter ficado marcado com o fim do casamento de Nicole Kidman com Keith Urban.\u00a0<\/p>\n<p>Foi em setembro do ano passado que chegou a not\u00edcia da separa\u00e7\u00e3o de Keith Urban e Nicole Kidman depois de 19 anos de casamento. O TMZ foi o primeiro a avan\u00e7ar com a informa\u00e7\u00e3o, tendo citado fontes pr\u00f3ximas de ambos e que garantiram que estavam a viver separados desde o in\u00edcio do ver\u00e3o.\u00a0<\/p>\n<p>Por sua vez, a revista People tamb\u00e9m confirmou a not\u00edcia e conversou com outra fonte, que disse que a irm\u00e3 de Nicole Kidman, Antonia, tem sido &#8220;uma rocha e toda a fam\u00edlia Kidman uniu-se para apoiar a atriz&#8221;. &#8220;Ela n\u00e3o queria isto&#8221;, acrescenta ainda a fonte.<\/p>\n<p>                                                    <img decoding=\"async\" src=\"https:\/\/www.europesays.com\/pt\/wp-content\/uploads\/2026\/01\/naom_68db70f7f29fe.jpg\" border=\"0\" alt=\"Nicole Kidman e Keith Urban separados depois de 19 anos de casamento\"\/><\/p>\n<p>Nicole Kidman e Keith Urban terminaram o seu casamento de 19 anos, confirma a revista People. Os dois casaram-se em junho de 2006, na Austr\u00e1lia, e t\u00eam duas filhas em comum: Sunday Rose, de 17 anos, e Faith Margaret, de 14.<\/p>\n<p>                                                     Not\u00edcias ao Minuto | 07:17 &#8211; 30\/09\/2025 <\/p>\n<p>Keith Urban e Nicole Kidman conheceram-se em 2005 num evento e um ano depois, em junho de 2006, casaram-se em Sydney, na Austr\u00e1lia, numa cerim\u00f3nia onde o m\u00fasico fez uma serenata para a noiva com a m\u00fasica &#8220;Making Memories Of Us&#8221; e partiram para a Polin\u00e9sia Francesa na lua de mel.<\/p>\n<p>No ano seguinte, o ex-casal viveu momentos dif\u00edceis e Nicole foi o grande apoio do marido. O m\u00fasico esteve interna durante tr\u00eas meses numa cl\u00ednica de reabilita\u00e7\u00e3o para tratar o v\u00edcio do \u00e1lcool.\u00a0<\/p>\n<p>Em 2007, a atriz e o m\u00fasico mudaram-se para Nashville para que o artista ficasse mais perto do universo da m\u00fasica country dos Estados Unidos da Am\u00e9rica.<\/p>\n<p>Corria o ano de 2008 quando anunciaram que estavam \u00e0 espera daa primeira filha em comum. Em julho nasceu Sunday Rose. Dois anos depois, em 2010, deram as boas-vindas \u00e0 segunda filha em comum, Faith Margaret, que nasceu atrav\u00e9s de uma barriga de aluguer.\u00a0<\/p>\n<p>Leia Tamb\u00e9m: <a href=\"https:\/\/www.noticiasaominuto.com\/fama\/2891293\/keith-urban-reaparece-apos-divorcio-de-nicole-kidman\" target=\"_blank\" rel=\"noopener noreferrer nofollow\">Keith Urban reaparece ap\u00f3s div\u00f3rcio de Nicole Kidman<\/a><\/p>\n<p>                                            <script async src=\"\/\/www.instagram.com\/embed.js\"><\/script><\/p>\n","protected":false},"excerpt":{"rendered":"Nicole Kidman fez uma publica\u00e7\u00e3o na sexta-feira, dia 2 de janeiro, a celebrar o novo ano e mostrando-se&hellip;\n","protected":false},"author":2,"featured_media":215380,"comment_status":"","ping_status":"","sticky":false,"template":"","format":"standard","meta":{"footnotes":""},"categories":[145],"tags":[211,210,114,115,32,33],"class_list":{"0":"post-215379","1":"post","2":"type-post","3":"status-publish","4":"format-standard","5":"has-post-thumbnail","7":"category-celebridades","8":"tag-celebridades","9":"tag-celebrities","10":"tag-entertainment","11":"tag-entretenimento","12":"tag-portugal","13":"tag-pt"},"share_on_mastodon":{"url":"https:\/\/pubeurope.com\/@pt\/115840293532446334","error":""},"_links":{"self":[{"href":"https:\/\/www.europesays.com\/pt\/wp-json\/wp\/v2\/posts\/215379","targetHints":{"allow":["GET"]}}],"collection":[{"href":"https:\/\/www.europesays.com\/pt\/wp-json\/wp\/v2\/posts"}],"about":[{"href":"https:\/\/www.europesays.com\/pt\/wp-json\/wp\/v2\/types\/post"}],"author":[{"embeddable":true,"href":"https:\/\/www.europesays.com\/pt\/wp-json\/wp\/v2\/users\/2"}],"replies":[{"embeddable":true,"href":"https:\/\/www.europesays.com\/pt\/wp-json\/wp\/v2\/comments?post=215379"}],"version-history":[{"count":0,"href":"https:\/\/www.europesays.com\/pt\/wp-json\/wp\/v2\/posts\/215379\/revisions"}],"wp:featuredmedia":[{"embeddable":true,"href":"https:\/\/www.europesays.com\/pt\/wp-json\/wp\/v2\/media\/215380"}],"wp:attachment":[{"href":"https:\/\/www.europesays.com\/pt\/wp-json\/wp\/v2\/media?parent=215379"}],"wp:term":[{"taxonomy":"category","embeddable":true,"href":"https:\/\/www.europesays.com\/pt\/wp-json\/wp\/v2\/categories?post=215379"},{"taxonomy":"post_tag","embeddable":true,"href":"https:\/\/www.europesays.com\/pt\/wp-json\/wp\/v2\/tags?post=215379"}],"curies":[{"name":"wp","href":"https:\/\/api.w.org\/{rel}","templated":true}]}}