{"id":215389,"date":"2026-01-05T03:21:19","date_gmt":"2026-01-05T03:21:19","guid":{"rendered":"https:\/\/www.europesays.com\/pt\/215389\/"},"modified":"2026-01-05T03:21:19","modified_gmt":"2026-01-05T03:21:19","slug":"cia-tinha-fonte-no-governo-da-venezuela-para-vigiar-maduro-avanca-o-new-york-times","status":"publish","type":"post","link":"https:\/\/www.europesays.com\/pt\/215389\/","title":{"rendered":"CIA tinha fonte no governo da Venezuela para vigiar Maduro, avan\u00e7a o New York Times"},"content":{"rendered":"<p class=\"category\"><a href=\"https:\/\/sicnoticias.pt\/mundo\" rel=\"nofollow noopener\" target=\"_blank\">Mundo<\/a><\/p>\n<p>O Presidente da Venezuela, Nicol\u00e1s Maduro, foi detido numa opera\u00e7\u00e3o militar dos Estados Unidos ap\u00f3s ter sido vigiado com o aux\u00edlio de elementos do seu pr\u00f3prio executivo que informaram a CIA.<\/p>\n<p><img decoding=\"async\" src=\"https:\/\/www.europesays.com\/pt\/wp-content\/uploads\/2026\/01\/1767583279_296_original.webp\" alt=\"CIA tinha fonte no governo da Venezuela para vigiar Maduro, avan\u00e7a o New York Times\"\/><\/p>\n<p>RONALD PENA R.\/EPA<\/p>\n<p><strong>O Presidente da Venezuela, Nicol\u00e1s Maduro, esteve a ser vigiado com o aux\u00edlio de elementos do seu executivo, que informaram a CIA, a ag\u00eancia dos servi\u00e7os secretos dos Estados Unidos, noticiou este s\u00e1bado o New York Times.<\/strong><\/p>\n<p>Segundo o jornal norte-americano, uma fonte da CIA dentro do Governo venezuelano monitorizou a localiza\u00e7\u00e3o de Nicol\u00e1s Maduro nos dias e nos momentos anteriores \u00e0 captura pelos Estados Unidos.<\/p>\n<p>As informa\u00e7\u00f5es foram recolhidas pela CIA junto de fontes venezuelanas desde agosto passado e tamb\u00e9m com recurso a drones furtivos que monitorizavam os movimentos de Nicol\u00e1s Maduro na Venezuela.<\/p>\n<p>O <a href=\"https:\/\/www.nytimes.com\/2026\/01\/03\/world\/americas\/cia-venezuela-maduro.html\" target=\"_blank\" rel=\"noopener noreferrer nofollow\">New York Times <\/a>escreveu que n\u00e3o \u00e9 conhecida a forma como a CIA recrutou a fonte venezuelana que denunciou a localiza\u00e7\u00e3o de Maduro, mas recordou que havia uma recompensa de 50 milh\u00f5es de d\u00f3lares (cerca de 42 milh\u00f5es de euros, ao c\u00e2mbio atual) anunciada pela administra\u00e7\u00e3o norte-americana em troca de informa\u00e7\u00f5es que levassem \u00e0 captura do chefe de Estado.<\/p>\n<p>O Governo venezuelano denunciou a &#8220;grav\u00edssima agress\u00e3o militar&#8221; dos Estados Unidos e decretou o estado de exce\u00e7\u00e3o, enquanto o Presidente norte-americano, Donald Trump, anunciou que ir\u00e1 governar o pa\u00eds at\u00e9 se concluir uma transi\u00e7\u00e3o de poder.<\/p>\n<p>Trump admitiu uma segunda ofensiva contra o pa\u00eds se for necess\u00e1rio.<\/p>\n<p>A comunidade internacional tem-se dividido entre a condena\u00e7\u00e3o aos Estados Unidos e sauda\u00e7\u00f5es pela queda de Maduro e o secret\u00e1rio-geral da ONU, Ant\u00f3nio Guterres, expressou &#8220;profunda preocupa\u00e7\u00e3o&#8221; com a recente &#8220;escalada de tens\u00e3o na Venezuela&#8221;, alertando que a a\u00e7\u00e3o militar dos Estados Unidos poder\u00e1 ter &#8220;implica\u00e7\u00f5es preocupantes&#8221; para a regi\u00e3o.<\/p>\n","protected":false},"excerpt":{"rendered":"Mundo O Presidente da Venezuela, Nicol\u00e1s Maduro, foi detido numa opera\u00e7\u00e3o militar dos Estados Unidos ap\u00f3s ter sido&hellip;\n","protected":false},"author":2,"featured_media":215390,"comment_status":"","ping_status":"","sticky":false,"template":"","format":"standard","meta":{"footnotes":""},"categories":[8],"tags":[27,28,15,16,14,25,26,21,22,12,13,19,20,32,23,24,33,17,18,29,30,31],"class_list":{"0":"post-215389","1":"post","2":"type-post","3":"status-publish","4":"format-standard","5":"has-post-thumbnail","7":"category-principais-noticias","8":"tag-breaking-news","9":"tag-breakingnews","10":"tag-featured-news","11":"tag-featurednews","12":"tag-headlines","13":"tag-latest-news","14":"tag-latestnews","15":"tag-main-news","16":"tag-mainnews","17":"tag-news","18":"tag-noticias","19":"tag-noticias-principais","20":"tag-noticiasprincipais","21":"tag-portugal","22":"tag-principais-noticias","23":"tag-principaisnoticias","24":"tag-pt","25":"tag-top-stories","26":"tag-topstories","27":"tag-ultimas","28":"tag-ultimas-noticias","29":"tag-ultimasnoticias"},"share_on_mastodon":{"url":"https:\/\/pubeurope.com\/@pt\/115840344814066012","error":""},"_links":{"self":[{"href":"https:\/\/www.europesays.com\/pt\/wp-json\/wp\/v2\/posts\/215389","targetHints":{"allow":["GET"]}}],"collection":[{"href":"https:\/\/www.europesays.com\/pt\/wp-json\/wp\/v2\/posts"}],"about":[{"href":"https:\/\/www.europesays.com\/pt\/wp-json\/wp\/v2\/types\/post"}],"author":[{"embeddable":true,"href":"https:\/\/www.europesays.com\/pt\/wp-json\/wp\/v2\/users\/2"}],"replies":[{"embeddable":true,"href":"https:\/\/www.europesays.com\/pt\/wp-json\/wp\/v2\/comments?post=215389"}],"version-history":[{"count":0,"href":"https:\/\/www.europesays.com\/pt\/wp-json\/wp\/v2\/posts\/215389\/revisions"}],"wp:featuredmedia":[{"embeddable":true,"href":"https:\/\/www.europesays.com\/pt\/wp-json\/wp\/v2\/media\/215390"}],"wp:attachment":[{"href":"https:\/\/www.europesays.com\/pt\/wp-json\/wp\/v2\/media?parent=215389"}],"wp:term":[{"taxonomy":"category","embeddable":true,"href":"https:\/\/www.europesays.com\/pt\/wp-json\/wp\/v2\/categories?post=215389"},{"taxonomy":"post_tag","embeddable":true,"href":"https:\/\/www.europesays.com\/pt\/wp-json\/wp\/v2\/tags?post=215389"}],"curies":[{"name":"wp","href":"https:\/\/api.w.org\/{rel}","templated":true}]}}