{"id":215395,"date":"2026-01-05T03:28:12","date_gmt":"2026-01-05T03:28:12","guid":{"rendered":"https:\/\/www.europesays.com\/pt\/215395\/"},"modified":"2026-01-05T03:28:12","modified_gmt":"2026-01-05T03:28:12","slug":"atleta-troca-benfica-por-sporting","status":"publish","type":"post","link":"https:\/\/www.europesays.com\/pt\/215395\/","title":{"rendered":"atleta troca Benfica por Sporting"},"content":{"rendered":"<p>&#8211; Advertisement &#8211;<\/p>\n<p><strong>Gerson Bald\u00e9 foi confirmado como o novo atleta do Sporting. O saltador representou at\u00e9 ao final do \u00faltimo ano o Benfica.<\/strong><\/p>\n<p>Gerson Bald\u00e9 foi confirmado durante este domingo como o mais recente atleta a juntar-se ao Sporting. O saltador junta-se assim a um emblema que representou em 2019.<\/p>\n<p>Nos \u00faltimos anos, Gerson Bald\u00e9 vestiu a camisola do<a href=\"https:\/\/bolanarede.pt\/etiqueta\/benfica\/\" target=\"_blank\" rel=\"noreferrer noopener nofollow\"> Benfica <\/a>at\u00e9 ao final do \u00faltimo ano e mostrou-se feliz com o seu novo projeto:<\/p>\n<p>\u00ab\u00c9 uma honra para mim estar de volta. O objetivo \u00e9 ganhar t\u00edtulos nacionais com o Sporting CP e, tamb\u00e9m, a Ta\u00e7a dos Clubes Campe\u00f5es Europeus. Quero alcan\u00e7ar uma medalha nos Europeus de ar livre e, quem sabe, tamb\u00e9m no Mundial de pista curta\u00bb.<\/p>\n<p>Gerson Bald\u00e9 tem 26 anos e ocupa atualmente o 15.\u00ba lugar do ranking mundial no salto em comprimento.<\/p>\n","protected":false},"excerpt":{"rendered":"&#8211; Advertisement &#8211; Gerson Bald\u00e9 foi confirmado como o novo atleta do Sporting. O saltador representou at\u00e9 ao&hellip;\n","protected":false},"author":2,"featured_media":215396,"comment_status":"","ping_status":"","sticky":false,"template":"","format":"standard","meta":{"footnotes":""},"categories":[87],"tags":[1866,260,51,135,41990,32,33,134],"class_list":{"0":"post-215395","1":"post","2":"type-post","3":"status-publish","4":"format-standard","5":"has-post-thumbnail","7":"category-desporto","8":"tag-atletismo","9":"tag-atualidade","10":"tag-benfica","11":"tag-desporto","12":"tag-gerson-balde","13":"tag-portugal","14":"tag-pt","15":"tag-sports"},"share_on_mastodon":{"url":"https:\/\/pubeurope.com\/@pt\/115840372046683117","error":""},"_links":{"self":[{"href":"https:\/\/www.europesays.com\/pt\/wp-json\/wp\/v2\/posts\/215395","targetHints":{"allow":["GET"]}}],"collection":[{"href":"https:\/\/www.europesays.com\/pt\/wp-json\/wp\/v2\/posts"}],"about":[{"href":"https:\/\/www.europesays.com\/pt\/wp-json\/wp\/v2\/types\/post"}],"author":[{"embeddable":true,"href":"https:\/\/www.europesays.com\/pt\/wp-json\/wp\/v2\/users\/2"}],"replies":[{"embeddable":true,"href":"https:\/\/www.europesays.com\/pt\/wp-json\/wp\/v2\/comments?post=215395"}],"version-history":[{"count":0,"href":"https:\/\/www.europesays.com\/pt\/wp-json\/wp\/v2\/posts\/215395\/revisions"}],"wp:featuredmedia":[{"embeddable":true,"href":"https:\/\/www.europesays.com\/pt\/wp-json\/wp\/v2\/media\/215396"}],"wp:attachment":[{"href":"https:\/\/www.europesays.com\/pt\/wp-json\/wp\/v2\/media?parent=215395"}],"wp:term":[{"taxonomy":"category","embeddable":true,"href":"https:\/\/www.europesays.com\/pt\/wp-json\/wp\/v2\/categories?post=215395"},{"taxonomy":"post_tag","embeddable":true,"href":"https:\/\/www.europesays.com\/pt\/wp-json\/wp\/v2\/tags?post=215395"}],"curies":[{"name":"wp","href":"https:\/\/api.w.org\/{rel}","templated":true}]}}