{"id":215404,"date":"2026-01-05T03:36:21","date_gmt":"2026-01-05T03:36:21","guid":{"rendered":"https:\/\/www.europesays.com\/pt\/215404\/"},"modified":"2026-01-05T03:36:21","modified_gmt":"2026-01-05T03:36:21","slug":"sylvester-stallone-finaliza-livro-de-memorias-escrito-sem-uso-de-computador","status":"publish","type":"post","link":"https:\/\/www.europesays.com\/pt\/215404\/","title":{"rendered":"Sylvester Stallone finaliza livro de mem\u00f3rias escrito sem uso de computador"},"content":{"rendered":"<p>\t\t<a href=\"http:\/\/www.facebook.com\/sharer\/sharer.php?u=https:\/\/www.diariodocentrodomundo.com.br\/essencial\/sylvester-stallone-finaliza-livro-de-memorias-escrito-sem-uso-de-computador\/\" target=\"_blank\" class=\"facebook-share\" rel=\"nofollow noopener\"><\/a><br \/>\n\t\t<a href=\"https:\/\/twitter.com\/share?url=https:\/\/www.diariodocentrodomundo.com.br\/essencial\/sylvester-stallone-finaliza-livro-de-memorias-escrito-sem-uso-de-computador\/\" target=\"_blank\" class=\"twitter-share\" rel=\"nofollow noopener\"><\/a><br \/>\n\t\t<a href=\"#\" class=\"whatsapp-share\" data-url=\"https:\/\/www.diariodocentrodomundo.com.br\/essencial\/sylvester-stallone-finaliza-livro-de-memorias-escrito-sem-uso-de-computador\/\" data-title=\"Sylvester Stallone finaliza livro de mem\u00f3rias escrito sem uso de computador\"><\/a><br \/>\n\t<a href=\"https:\/\/www.linkedin.com\/sharing\/share-offsite\/?url=https:\/\/www.diariodocentrodomundo.com.br\/essencial\/sylvester-stallone-finaliza-livro-de-memorias-escrito-sem-uso-de-computador\/\" target=\"_blank\" class=\"linkedin-share\" rel=\"nofollow noopener\"><\/a><br \/>\n   <a href=\"https:\/\/www.threads.net\/intent\/post?text=Sylvester+Stallone+finaliza+livro+de+mem%C3%B3rias+escrito+sem+uso+de+computador&amp;url=https%3A%2F%2Fwww.diariodocentrodomundo.com.br%2Fessencial%2Fsylvester-stallone-finaliza-livro-de-memorias-escrito-sem-uso-de-computador%2F\" target=\"_blank\" class=\"threads-share\" rel=\"nofollow noopener\"><img decoding=\"async\" class=\"threads-icon perfmatters-lazy\" src=\"https:\/\/www.diariodocentrodomundo.com.br\/wp-content\/themes\/Newsmag\/images\/icons\/threads.svg\"\/><\/a> <\/p>\n<p>            <img fetchpriority=\"high\" decoding=\"async\" class=\"size-full wp-image-1529254\" src=\"https:\/\/www.europesays.com\/pt\/wp-content\/uploads\/2026\/01\/176744853869591fda37452_1767448538_3x2_xl-1.jpg\" alt=\"\" width=\"1200\" height=\"800\"  \/>Sylvester Stallone conclui autobiografia escrita \u00e0 m\u00e3o \u2013 Reprodu\u00e7\u00e3o<\/p>\n<p data-start=\"22\" data-end=\"335\">O ator Sylvester Stallone anunciou a conclus\u00e3o de sua autobiografia, escrita inteiramente \u00e0 m\u00e3o, como uma conquista pessoal no in\u00edcio de 2026. O livro, intitulado The Steps, re\u00fane mem\u00f3rias de diferentes fases da vida do artista, longe dos sets e sem rela\u00e7\u00e3o direta com novos projetos no cinema.<\/p>\n<p data-start=\"337\" data-end=\"653\">Segundo Stallone, a decis\u00e3o de escrever manualmente foi deliberada. Em mensagens divulgadas junto ao an\u00fancio, ele defendeu a escrita \u00e0 m\u00e3o como um exerc\u00edcio de concentra\u00e7\u00e3o e mudan\u00e7a interior, afirmando que o processo permitiu lidar de forma mais direta com lembran\u00e7as e experi\u00eancias acumuladas ao longo da carreira.<\/p>\n<p data-start=\"655\" data-end=\"972\">A obra revisita epis\u00f3dios centrais de sua trajet\u00f3ria, incluindo o per\u00edodo anterior ao sucesso em Hollywood e a cria\u00e7\u00e3o de personagens que marcaram o cinema popular. At\u00e9 o momento, o ator n\u00e3o informou data de lan\u00e7amento nem detalhes sobre a publica\u00e7\u00e3o, limitando-se a mostrar imagens e v\u00eddeos do manuscrito finalizado.<\/p>\n<p>        <script async src=\"https:\/\/platform.twitter.com\/widgets.js\" charset=\"utf-8\"><\/script><\/p>\n","protected":false},"excerpt":{"rendered":"Sylvester Stallone conclui autobiografia escrita \u00e0 m\u00e3o \u2013 Reprodu\u00e7\u00e3o O ator Sylvester Stallone anunciou a conclus\u00e3o de sua&hellip;\n","protected":false},"author":2,"featured_media":215405,"comment_status":"","ping_status":"","sticky":false,"template":"","format":"standard","meta":{"footnotes":""},"categories":[145],"tags":[211,210,114,115,32,33],"class_list":{"0":"post-215404","1":"post","2":"type-post","3":"status-publish","4":"format-standard","5":"has-post-thumbnail","7":"category-celebridades","8":"tag-celebridades","9":"tag-celebrities","10":"tag-entertainment","11":"tag-entretenimento","12":"tag-portugal","13":"tag-pt"},"share_on_mastodon":{"url":"https:\/\/pubeurope.com\/@pt\/115840403618505444","error":""},"_links":{"self":[{"href":"https:\/\/www.europesays.com\/pt\/wp-json\/wp\/v2\/posts\/215404","targetHints":{"allow":["GET"]}}],"collection":[{"href":"https:\/\/www.europesays.com\/pt\/wp-json\/wp\/v2\/posts"}],"about":[{"href":"https:\/\/www.europesays.com\/pt\/wp-json\/wp\/v2\/types\/post"}],"author":[{"embeddable":true,"href":"https:\/\/www.europesays.com\/pt\/wp-json\/wp\/v2\/users\/2"}],"replies":[{"embeddable":true,"href":"https:\/\/www.europesays.com\/pt\/wp-json\/wp\/v2\/comments?post=215404"}],"version-history":[{"count":0,"href":"https:\/\/www.europesays.com\/pt\/wp-json\/wp\/v2\/posts\/215404\/revisions"}],"wp:featuredmedia":[{"embeddable":true,"href":"https:\/\/www.europesays.com\/pt\/wp-json\/wp\/v2\/media\/215405"}],"wp:attachment":[{"href":"https:\/\/www.europesays.com\/pt\/wp-json\/wp\/v2\/media?parent=215404"}],"wp:term":[{"taxonomy":"category","embeddable":true,"href":"https:\/\/www.europesays.com\/pt\/wp-json\/wp\/v2\/categories?post=215404"},{"taxonomy":"post_tag","embeddable":true,"href":"https:\/\/www.europesays.com\/pt\/wp-json\/wp\/v2\/tags?post=215404"}],"curies":[{"name":"wp","href":"https:\/\/api.w.org\/{rel}","templated":true}]}}