{"id":215452,"date":"2026-01-05T05:28:27","date_gmt":"2026-01-05T05:28:27","guid":{"rendered":"https:\/\/www.europesays.com\/pt\/215452\/"},"modified":"2026-01-05T05:28:27","modified_gmt":"2026-01-05T05:28:27","slug":"o-sacrificio-de-maria-botelho-moniz-todos-os-esforcos-que-faz-pelo-trabalho-pondo-a-propria-saude-em-risco-nacional","status":"publish","type":"post","link":"https:\/\/www.europesays.com\/pt\/215452\/","title":{"rendered":"O sacrif\u00edcio de Maria Botelho Moniz! Todos os esfor\u00e7os que faz pelo trabalho pondo a pr\u00f3pria sa\u00fade em risco &#8211; Nacional"},"content":{"rendered":"<p class=\"\">&#13;<br \/>\n        <b>Rouca! Muito rouca, mesmo!<\/b> Foi assim que <b>Maria Botelho Moniz<\/b> se apresentou em direto diante as c\u00e2maras da TVI para dar in\u00edcio \u00e0 gala do novo reality show da esta\u00e7\u00e3o, o ansiado<b> &#8216;1\u00aa Companhia&#8217;<\/b>. Esta foi mais uma proposta irrecus\u00e1vel feita por Jos\u00e9 Eduardo Moniz \u00e0 apresentadora depois do sucesso alcan\u00e7ado por ela \u00e0 frente do &#8216;Big Brother Ver\u00e3o&#8217;.&#13;\n    <\/p>\n<p class=\"\">&#13;<br \/>\n        Entusiasmada com este novo desafio, Maria <b>esteve \u00e0 beira de n\u00e3o conseguir apresentar-se no arranque do programa<\/b> j\u00e1 que a comunicadora teve de enfrentar alguns <b>problemas de sa\u00fade<\/b> que estiveram quase a impedir a sua presen\u00e7a na gala.\u00a0&#13;\n    <\/p>\n<p class=\"\">&#13;<br \/>\n        &#8220;<b>H\u00e1 coisas que n\u00e3o se veem na televis\u00e3o. Em casa acompanh\u00e1mos tudo. O esfor\u00e7o, a entrega, a responsabilidade enorme de estar hoje [quinta-feira, 1 de janeiro] em direto, no dia da estreia nacional do program<\/b>a&#8221;, estas s\u00e3o palavras de<b> Pedro Bianchi Prata<\/b>, companheiro de Maria Botelho Moniz que acabou por revelar os problemas de sa\u00fade que a acometeram dias antes da gala.&#13;\n    <\/p>\n<p class=\"\">&#13;<br \/>\n        E acrescenta o piloto: &#8220;<b>Mesmo doente. Mesmo depois de dias dif\u00edceis. Mesmo quando ontem [quarta-feira, 31 de dezembro] nem voz tinha para conseguir falar.E ainda assim, ali est\u00e1 ela. Profissional at\u00e9 ao \u00faltimo segundo. Com um sentido de compromisso que me enche de orgulho \u2014 como pai, como companheiro, e como algu\u00e9m que sabe exatamente o que custa estar ali<\/b>.&#8221;&#13;\n    <\/p>\n<p class=\"\">&#13;<br \/>\n        E termina Pedro Bianchi Prata: &#8220;<b>\u00c9 imposs\u00edvel n\u00e3o sentir um orgulho enorme. Orgulho nela, pelo caminho que construiu e pela for\u00e7a que tem<\/b>&#8220;. Entretanto, j\u00e1 se sabe quem ter\u00e1 que substituir Maria Botelho Moniz na gala deste domingo, 4 de janeiro, caso a apresentadora fique pior. Essa tarefa caber\u00e1 a <b>Cristina Ferreira<\/b> conforme revelou a pr\u00f3pria em conversa com <b>Cl\u00e1udio Ramos<\/b> durante o \u00faltimo &#8216;Voc\u00ea na TV&#8217;.\u00a0&#13;\n    <\/p>\n<p>        &#13;<br \/>\n            Saber mais sobre&#13;<br \/>\n            &#13;<br \/>\n            &#13;<\/p>\n<p>    &#13;<br \/>\n        &#13;<br \/>\n        &#13;<br \/>\n&#13;<\/p>\n","protected":false},"excerpt":{"rendered":"&#13; Rouca! Muito rouca, mesmo! Foi assim que Maria Botelho Moniz se apresentou em direto diante as c\u00e2maras&hellip;\n","protected":false},"author":2,"featured_media":215453,"comment_status":"","ping_status":"","sticky":false,"template":"","format":"standard","meta":{"footnotes":""},"categories":[145],"tags":[48,211,210,114,115,338,32,33,218,162],"class_list":{"0":"post-215452","1":"post","2":"type-post","3":"status-publish","4":"format-standard","5":"has-post-thumbnail","7":"category-celebridades","8":"tag-big-brother","9":"tag-celebridades","10":"tag-celebrities","11":"tag-entertainment","12":"tag-entretenimento","13":"tag-maria-botelho-moniz","14":"tag-portugal","15":"tag-pt","16":"tag-televisao","17":"tag-tvi"},"share_on_mastodon":{"url":"https:\/\/pubeurope.com\/@pt\/115840843979437357","error":""},"_links":{"self":[{"href":"https:\/\/www.europesays.com\/pt\/wp-json\/wp\/v2\/posts\/215452","targetHints":{"allow":["GET"]}}],"collection":[{"href":"https:\/\/www.europesays.com\/pt\/wp-json\/wp\/v2\/posts"}],"about":[{"href":"https:\/\/www.europesays.com\/pt\/wp-json\/wp\/v2\/types\/post"}],"author":[{"embeddable":true,"href":"https:\/\/www.europesays.com\/pt\/wp-json\/wp\/v2\/users\/2"}],"replies":[{"embeddable":true,"href":"https:\/\/www.europesays.com\/pt\/wp-json\/wp\/v2\/comments?post=215452"}],"version-history":[{"count":0,"href":"https:\/\/www.europesays.com\/pt\/wp-json\/wp\/v2\/posts\/215452\/revisions"}],"wp:featuredmedia":[{"embeddable":true,"href":"https:\/\/www.europesays.com\/pt\/wp-json\/wp\/v2\/media\/215453"}],"wp:attachment":[{"href":"https:\/\/www.europesays.com\/pt\/wp-json\/wp\/v2\/media?parent=215452"}],"wp:term":[{"taxonomy":"category","embeddable":true,"href":"https:\/\/www.europesays.com\/pt\/wp-json\/wp\/v2\/categories?post=215452"},{"taxonomy":"post_tag","embeddable":true,"href":"https:\/\/www.europesays.com\/pt\/wp-json\/wp\/v2\/tags?post=215452"}],"curies":[{"name":"wp","href":"https:\/\/api.w.org\/{rel}","templated":true}]}}