{"id":215456,"date":"2026-01-05T05:35:08","date_gmt":"2026-01-05T05:35:08","guid":{"rendered":"https:\/\/www.europesays.com\/pt\/215456\/"},"modified":"2026-01-05T05:35:08","modified_gmt":"2026-01-05T05:35:08","slug":"desnutricao-em-casos-de-cancer-afeta-tratamento-e-eleva-risco-de-morte-noticias-r7","status":"publish","type":"post","link":"https:\/\/www.europesays.com\/pt\/215456\/","title":{"rendered":"Desnutri\u00e7\u00e3o em casos de c\u00e2ncer afeta tratamento e eleva risco de morte \u2013 Noticias R7"},"content":{"rendered":"<p>LEIA AQUI O RESUMO DA NOT\u00cdCIA<\/p>\n<ul class=\"b-article-body-custom-embed-brief-news__list\" style=\"margin: 0; padding-left: 20px; list-style-type: disc;\">\n<li>A desnutri\u00e7\u00e3o afeta at\u00e9 80% dos pacientes oncol\u00f3gicos, comprometendo o tratamento e elevando o risco de morte.<\/li>\n<li>Fatores como localiza\u00e7\u00e3o dos tumores, efeitos colaterais e impacto emocional reduzem a ingest\u00e3o alimentar.<\/li>\n<li>A perda de massa muscular devido \u00e0 desnutri\u00e7\u00e3o diminui a toler\u00e2ncia \u00e0 quimioterapia e \u00e0 radioterapia.<\/li>\n<li>O acompanhamento nutricional \u00e9 fundamental para melhorar a qualidade de vida e a sobrevida dos pacientes.<\/li>\n<\/ul>\n<p style=\"font-size: 0.8em; font-style: italic; text-align: right; margin-top: 15px; padding-bottom: 5px; margin-bottom: 0;\">Produzido pela Ri7a &#8211; a Intelig\u00eancia Artificial do R7<\/p>\n<p><img decoding=\"async\" data-chromatic=\"ignore\" alt=\"\" class=\"c-image\" loading=\"lazy\" src=\"https:\/\/www.europesays.com\/pt\/wp-content\/uploads\/2026\/01\/EL5JT6PJMFBPXAG5YVN4C44W5U.jpg\"  width=\"5931\" height=\"3954\"\/>N\u00e1useas, impacto emocional da doen\u00e7a e altera\u00e7\u00f5es no paladar afetam muitos pacientes Tima Miroshnichenko\/Pexels <\/p>\n<p class=\"jarvics:base-text-neutral-high-400 base-text-[calc(theme(fontSize.xs)_*_var(--font-size,_1))] base-font-normal base-font-primary base-text-neutral-low-500 base-text-left\">A desnutri\u00e7\u00e3o \u00e9 um dos problemas mais frequentes e menos percebidos no tratamento oncol\u00f3gico. Muitos pacientes com <a href=\"https:\/\/www.r7.com\/tudo-sobre\/cancer\/\" target=\"_self\" rel=\"nofollow noopener\" title=\"https:\/\/www.r7.com\/tudo-sobre\/cancer\/\">c\u00e2ncer<\/a> desenvolvem algum grau de perda nutricional, que reduz a toler\u00e2ncia \u00e0 quimioterapia e \u00e0 radioterapia, piora o progn\u00f3stico e aumenta o risco de mortalidade. <\/p>\n<p class=\"jarvics:base-text-neutral-high-400 base-text-[calc(theme(fontSize.xs)_*_var(--font-size,_1))] base-font-normal base-font-primary base-text-neutral-low-500 base-text-left\">Diversos fatores contribuem para o problema. Tumores localizados na cabe\u00e7a, no pesco\u00e7o ou no trato gastrointestinal podem dificultar a mastiga\u00e7\u00e3o ou a degluti\u00e7\u00e3o. O impacto emocional da doen\u00e7a \u2014 como <a href=\"https:\/\/www.r7.com\/tudo-sobre\/ansiedade\/\" target=\"_self\" rel=\"nofollow noopener\" title=\"https:\/\/www.r7.com\/tudo-sobre\/ansiedade\/\">ansiedade<\/a>, <a href=\"https:\/\/www.r7.com\/tudo-sobre\/depressao\/\" target=\"_self\" rel=\"nofollow noopener\" title=\"https:\/\/www.r7.com\/tudo-sobre\/depressao\/\">depress\u00e3o<\/a>, dor e per\u00edodos prolongados de interna\u00e7\u00e3o \u2014 tamb\u00e9m tende a reduzir a ingest\u00e3o alimentar. <\/p>\n<p class=\"jarvics:base-text-neutral-high-400 base-text-[calc(theme(fontSize.xs)_*_var(--font-size,_1))] base-font-normal base-font-primary base-text-neutral-low-500 base-text-left\">\u201cAlguns efeitos colaterais dos tratamentos tamb\u00e9m interferem, como n\u00e1useas, v\u00f4mitos, mucosite [feridas na boca] e altera\u00e7\u00f5es no paladar, e podem levar a um gosto met\u00e1lico na boca e distor\u00e7\u00e3o dos sabores, potencializando a percep\u00e7\u00e3o de salgado, doce, azedo e amargo\u201d, conta a nutricionista Simone Spadaro Monteiro de Farias, coordenadora de nutri\u00e7\u00e3o cl\u00ednica do Hospital Municipal Dr. Gilson de C. Marques de Carvalho (Vila Santa Catarina), unidade p\u00fablica em S\u00e3o Paulo gerida pelo Einstein Hospital Israelita. <\/p>\n<p>Leia mais<\/p>\n<ul class=\"b-article-body-link-list__list-read\">\n<li class=\"\"><a href=\"https:\/\/entretenimento.r7.com\/musica\/jessie-j-desabafa-sobre-ano-marcado-pelo-tratamento-contra-o-cancer-de-mama-31122025\/\" target=\"_blank\" rel=\"noreferrer nofollow noopener\" title=\"Jessie J desabafa sobre ano marcado pelo tratamento contra o c\u00e2ncer de mama\">Jessie J desabafa sobre ano marcado pelo tratamento contra o c\u00e2ncer de mama<\/a><\/li>\n<li class=\"\"><a href=\"https:\/\/noticias.r7.com\/fala-ciencia\/ia-recria-superproteina-de-tubarao-que-pode-revolucionar-o-tratamento-contra-o-cancer-31122025\/\" target=\"_blank\" rel=\"noreferrer nofollow noopener\" title=\"IA recria \u201csuperprote\u00edna\u201d de tubar\u00e3o que pode revolucionar o tratamento contra o c\u00e2ncer\">IA recria \u201csuperprote\u00edna\u201d de tubar\u00e3o que pode revolucionar o tratamento contra o c\u00e2ncer<\/a><\/li>\n<\/ul>\n<p class=\"jarvics:base-text-neutral-high-400 base-text-[calc(theme(fontSize.xs)_*_var(--font-size,_1))] base-font-normal base-font-primary base-text-neutral-low-500 base-text-left\">Al\u00e9m disso, o organismo do paciente sofre com um estado inflamat\u00f3rio que reduz ainda mais a vontade de se alimentar e eleva seu metabolismo, aumentando o consumo das reservas de energia e de prote\u00ednas do corpo. \u201cPor causa desse quadro, entre 40% e 80% dos pacientes oncol\u00f3gicos apresentam desnutri\u00e7\u00e3o\u201d, afirma a nutricionista Ol\u00edvia Podesta, do comit\u00ea multidisciplinar da SBOC (Sociedade Brasileira de Oncologia Cl\u00ednica). <\/p>\n<p class=\"jarvics:base-text-neutral-high-400 base-text-[calc(theme(fontSize.xs)_*_var(--font-size,_1))] base-font-normal base-font-primary base-text-neutral-low-500 base-text-left\">A desnutri\u00e7\u00e3o \u00e9 especialmente preocupante porque acelera a perda de massa muscular. Esse quadro reduz a toler\u00e2ncia \u00e0 quimioterapia e \u00e0 radioterapia, aumenta a ocorr\u00eancia de efeitos colaterais e eleva a necessidade de interna\u00e7\u00f5es. O resultado \u00e9 um progn\u00f3stico menos favor\u00e1vel, com impacto direto na sobrevida e na <a href=\"https:\/\/www.r7.com\/tudo-sobre\/qualidade-de-vida\/\" target=\"_self\" rel=\"nofollow noopener\" title=\"https:\/\/www.r7.com\/tudo-sobre\/qualidade-de-vida\/\">qualidade de vida<\/a>. <\/p>\n<p class=\"jarvics:base-text-neutral-high-400 base-text-[calc(theme(fontSize.xs)_*_var(--font-size,_1))] base-font-normal base-font-primary base-text-neutral-low-500 base-text-left\">\u201cOs m\u00fasculos s\u00e3o um reservat\u00f3rio metab\u00f3lico importante, que produz subst\u00e2ncias que protegem o organismo e mant\u00eam o peso saud\u00e1vel\u201d, relata Podesta. \u201cExistem estudos que mostram que esses pacientes t\u00eam de duas a tr\u00eas vezes mais risco de morrer durante o tratamento.\u201d <\/p>\n<p class=\"jarvics:base-text-neutral-high-400 base-text-[calc(theme(fontSize.xs)_*_var(--font-size,_1))] base-font-normal base-font-primary base-text-neutral-low-500 base-text-left\">Por essa raz\u00e3o, o acompanhamento nutricional \u00e9 essencial. \u201cOs profissionais cl\u00ednicos especializados em oncologia t\u00eam a capacidade de ajustar o card\u00e1pio do paciente visando a adequa\u00e7\u00e3o nutricional e cuidando para que cada um receba uma refei\u00e7\u00e3o atrativa e individualizada, com a temperatura que a pessoa mais gosta e alimentos que tragam resgate emocional, o que contribui para a aceita\u00e7\u00e3o\u201d, explica Farias. <\/p>\n<p class=\"jarvics:base-text-neutral-high-400 base-text-[calc(theme(fontSize.xs)_*_var(--font-size,_1))] base-font-normal base-font-primary base-text-neutral-low-500 base-text-left\">O profissional tamb\u00e9m pode indicar o uso de um suplemento caso a ingest\u00e3o alimentar esteja aqu\u00e9m do necess\u00e1rio ou recorrer a formas de alimenta\u00e7\u00e3o parenteral (diretamente na corrente sangu\u00ednea) ou enteral (via sondas que levam nutrientes diretamente ao est\u00f4mago ou intestino). <\/p>\n<p class=\"jarvics:base-text-neutral-high-400 base-text-[calc(theme(fontSize.xs)_*_var(--font-size,_1))] base-font-normal base-font-primary base-text-neutral-low-500 base-text-left\">Mesmo indiv\u00edduos que aparentam estar com o peso ideal precisam ser avaliados, pois podem apresentar baixa massa muscular. \u201cCom tantas formas que temos de evitar o quadro, n\u00e3o faz sentido deixarmos acontecer. Por isso, \u00e9 muito importante a interven\u00e7\u00e3o precoce dos nutricionistas e a preven\u00e7\u00e3o\u201d, alerta a nutricionista da SBOC. <\/p>\n<p><video controls=\"\" class=\"video-js\" preload=\"metadata\" poster=\"https:\/\/d22yf0mxeu0gma.cloudfront.net\/12-19-2025\/t_55b74b9c03004cfcb3f31157a867f816_name_file_960x540_1600_v4_.jpg\" title=\"Cientistas da Su\u00ed\u00e7a desenvolvem teste que usa IA para detectar c\u00e2ncer de intestino de forma indolor\" data-sprite-url=\"\" data-metadata=\"{&quot;title&quot;:&quot;Cientistas da Su\u00ed\u00e7a desenvolvem teste que usa IA para detectar c\u00e2ncer de intestino de forma indolor&quot;,&quot;sectionName&quot;:&quot;R7&quot;,&quot;mainSection&quot;:&quot;Sa\u00fade&quot;,&quot;subSection&quot;:&quot;&quot;,&quot;views&quot;:&quot;&quot;,&quot;disableAdv&quot;:&quot;false&quot;,&quot;createdDate&quot;:&quot;2025-12-19T23:48:19Z&quot;,&quot;mainSectionUrl&quot;:&quot;https:\/\/noticias.r7.com\/jr-na-tv\/video\/cientistas-da-suica-desenvolvem-teste-que-usa-ia-para-detectar-cancer-de-intestino-de-forma-indolor-19122025\/&quot;,&quot;sectionPath&quot;:&quot;https:\/\/noticias.r7.com\/jr-na-tv&quot;,&quot;ageRating&quot;:&quot;&quot;,&quot;ageRatingDescription&quot;:&quot;&quot;,&quot;duration&quot;:114496,&quot;playerUrl&quot;:&quot;https:\/\/noticias.r7.com\/player\/f1512470-6523-4717-a344-ac35bfa9b5bc\/&quot;}\" data-player-params=\"{&quot;p&quot;:&quot;true&quot;,&quot;autoPlay&quot;:&quot;false&quot;,&quot;logo&quot;:&quot;true&quot;,&quot;playlistId&quot;:&quot;false&quot;,&quot;calhau&quot;:&quot;false&quot;,&quot;share&quot;:&quot;true&quot;,&quot;sz&quot;:&quot;false&quot;,&quot;full&quot;:&quot;true&quot;,&quot;customAdHash&quot;:&quot;\/7542\/r7noticias\/saude&quot;,&quot;referrerUrl&quot;:&quot;&quot;,&quot;externalLinks&quot;:&quot;true&quot;,&quot;debug&quot;:&quot;false&quot;,&quot;debugHash&quot;:&quot;false&quot;,&quot;debugRelated&quot;:&quot;false&quot;,&quot;timerRelated&quot;:&quot;true&quot;,&quot;logoRecord&quot;:&quot;false&quot;,&quot;contextModal&quot;:&quot;false&quot;,&quot;parentUrl&quot;:&quot;https:\/\/record.r7.com\/&quot;,&quot;t&quot;:&quot;0&quot;,&quot;noTitle&quot;:false,&quot;endBehavior&quot;:&quot;default&quot;}\" data-related-videos=\"[{&quot;title&quot;:&quot;Assista \u00e0 \u00edntegra do Jornal da Record | 03\/01\/2026&quot;,&quot;thumb&quot;:&quot;https:\/\/d22yf0mxeu0gma.cloudfront.net\/01-04-2026\/t_4f4fb0f0a8f745a9b21112a64e1cc31b_name_vlcsnap_2026_01_04_00h40m07s053.jpg&quot;,&quot;url&quot;:&quot;https:\/\/noticias.r7.com\/jr-na-tv\/integras\/video\/assista-a-integra-do-jornal-da-record-03012026-04012026\/&quot;,&quot;embedUrl&quot;:&quot;https:\/\/noticias.r7.com\/player\/31b08554-96ad-4dea-b663-d615385889ce\/&quot;},{&quot;title&quot;:&quot;40 pessoas morreram em opera\u00e7\u00e3o que prendeu Nicol\u00e1s Maduro, aponta jornal americano&quot;,&quot;thumb&quot;:&quot;https:\/\/d22yf0mxeu0gma.cloudfront.net\/01-04-2026\/t_ec7ee84365e5482abafa934ece82fdc3_name_file_960x540_1600_v4_.jpg&quot;,&quot;url&quot;:&quot;https:\/\/noticias.r7.com\/jr-na-tv\/video\/40-pessoas-morreram-em-operacao-que-prendeu-nicolas-maduro-aponta-jornal-americano-04012026\/&quot;,&quot;embedUrl&quot;:&quot;https:\/\/noticias.r7.com\/player\/a7bec49a-d812-4c20-922a-303e22cdc4f3\/&quot;},{&quot;title&quot;:&quot;Nicol\u00e1s Maduro e Cilia Flores ser\u00e3o julgados em tribunal federal de Nova York&quot;,&quot;thumb&quot;:&quot;https:\/\/d22yf0mxeu0gma.cloudfront.net\/01-04-2026\/t_3b36203741d74158a7beba6610c40e4b_name_file_960x540_1600_v4_.jpg&quot;,&quot;url&quot;:&quot;https:\/\/noticias.r7.com\/jr-na-tv\/video\/nicolas-maduro-e-cilia-flores-serao-julgados-em-tribunal-federal-de-nova-york-04012026\/&quot;,&quot;embedUrl&quot;:&quot;https:\/\/noticias.r7.com\/player\/f2d0422a-db99-4661-b4c8-155e726e5b75\/&quot;}]\" data-player-url=\"https:\/\/noticias.r7.com\/player\/f1512470-6523-4717-a344-ac35bfa9b5bc\/\" data-arc-video=\"\" data-arc-id=\"f1512470-6523-4717-a344-ac35bfa9b5bc\" data-short=\"false\" style=\"visibility:hidden\"><\/video><\/p>\n<p class=\"jarvics:base-text-neutral-high-400 base-text-[calc(theme(fontSize.xs)_*_var(--font-size,_1))] base-font-normal base-font-primary base-text-neutral-low-500 base-text-left\"><b>Fique por dentro das principais not\u00edcias do dia no Brasil e no mundo. <\/b><a href=\"https:\/\/whatsapp.com\/channel\/0029Va6eEELGZNCyryabmO1m\" rel=\"nofollow noopener\" target=\"_blank\"><b>Siga o canal do R7<\/b><\/a><b>, o portal de not\u00edcias da RECORD, no WhatsApp<\/b><\/p>\n","protected":false},"excerpt":{"rendered":"LEIA AQUI O RESUMO DA NOT\u00cdCIA A desnutri\u00e7\u00e3o afeta at\u00e9 80% dos pacientes oncol\u00f3gicos, comprometendo o tratamento e&hellip;\n","protected":false},"author":2,"featured_media":215457,"comment_status":"","ping_status":"","sticky":false,"template":"","format":"standard","meta":{"footnotes":""},"categories":[86],"tags":[1776,116,32,33,117],"class_list":{"0":"post-215456","1":"post","2":"type-post","3":"status-publish","4":"format-standard","5":"has-post-thumbnail","7":"category-saude","8":"tag-cancer","9":"tag-health","10":"tag-portugal","11":"tag-pt","12":"tag-saude"},"share_on_mastodon":{"url":"https:\/\/pubeurope.com\/@pt\/115840871488741543","error":""},"_links":{"self":[{"href":"https:\/\/www.europesays.com\/pt\/wp-json\/wp\/v2\/posts\/215456","targetHints":{"allow":["GET"]}}],"collection":[{"href":"https:\/\/www.europesays.com\/pt\/wp-json\/wp\/v2\/posts"}],"about":[{"href":"https:\/\/www.europesays.com\/pt\/wp-json\/wp\/v2\/types\/post"}],"author":[{"embeddable":true,"href":"https:\/\/www.europesays.com\/pt\/wp-json\/wp\/v2\/users\/2"}],"replies":[{"embeddable":true,"href":"https:\/\/www.europesays.com\/pt\/wp-json\/wp\/v2\/comments?post=215456"}],"version-history":[{"count":0,"href":"https:\/\/www.europesays.com\/pt\/wp-json\/wp\/v2\/posts\/215456\/revisions"}],"wp:featuredmedia":[{"embeddable":true,"href":"https:\/\/www.europesays.com\/pt\/wp-json\/wp\/v2\/media\/215457"}],"wp:attachment":[{"href":"https:\/\/www.europesays.com\/pt\/wp-json\/wp\/v2\/media?parent=215456"}],"wp:term":[{"taxonomy":"category","embeddable":true,"href":"https:\/\/www.europesays.com\/pt\/wp-json\/wp\/v2\/categories?post=215456"},{"taxonomy":"post_tag","embeddable":true,"href":"https:\/\/www.europesays.com\/pt\/wp-json\/wp\/v2\/tags?post=215456"}],"curies":[{"name":"wp","href":"https:\/\/api.w.org\/{rel}","templated":true}]}}