{"id":215471,"date":"2026-01-05T06:02:08","date_gmt":"2026-01-05T06:02:08","guid":{"rendered":"https:\/\/www.europesays.com\/pt\/215471\/"},"modified":"2026-01-05T06:02:08","modified_gmt":"2026-01-05T06:02:08","slug":"luis-guilherme-revela-o-que-lhe-disse-abel-antes-de-assinar-pelo-sporting","status":"publish","type":"post","link":"https:\/\/www.europesays.com\/pt\/215471\/","title":{"rendered":"Lu\u00eds Guilherme revela o que lhe disse Abel antes de assinar pelo Sporting"},"content":{"rendered":"<p style=\"margin-bottom:11px\">Lu\u00eds Guilherme <a href=\"https:\/\/maisfutebol.iol.pt\/sporting\/luis-guilherme\/oficial-luis-guilherme-e-reforco-do-sporting\" target=\"_blank\" rel=\"nofollow noopener\"><strong>foi oficializado este domingo como primeiro refor\u00e7o de inverno do Sporting<\/strong><\/a> e confessou estar \u00abmuito feliz\u00bb por chegar a um \u00abclube gigantesco\u00bb.<\/p>\n<p>\u00ab\u00c9 um clube muito famoso, n\u00e3o s\u00f3 em Portugal, mas no mundo inteiro. Toda a gente conhece o Sporting e sabem da grandeza do clube. Estou muito feliz por poder representar esta camisola\u00bb, disse o jogador brasileiro, em declara\u00e7\u00f5es aos meios de comunica\u00e7\u00e3o dos le\u00f5es.<\/p>\n<p>O ex-West Ham revelou ainda que falou com Mateus Fernandes antes de rumar a Alvalade. \u00abO Mateus Fernandes sempre me falou muito bem do Sporting, da estrutura e do ambiente. Quando lhe disse que vinha para c\u00e1, ficou muito feliz e desejou-me toda a sorte do mundo.\u00bb<\/p>\n<p>O jogador de 19 anos, que foi lan\u00e7ado por Abel Ferreira na equipa principal do Palmeiras, tamb\u00e9m recolheu algumas impress\u00f5es junto do treinador luso. \u00abLigou-me, falou muito bem do clube e desejou-me sorte. Foi ele que me lan\u00e7ou profissionalmente no Palmeiras e s\u00f3 tenho a agradecer-lhe por tudo.\u00bb<\/p>\n<p>\u00abA adapta\u00e7\u00e3o vai ser mais f\u00e1cil porque se fala portugu\u00eas. Algumas palavras s\u00e3o diferentes, mas no geral consigo entender. Espero adaptar-me o mais r\u00e1pido poss\u00edvel para ajudar os meus companheiros a conquistar t\u00edtulos\u00bb, afirmou ainda.<\/p>\n<p>Contratado por 14 milh\u00f5es de euros (mais tr\u00eas milh\u00f5es por objetivos), Lu\u00eds Guilherme assinou at\u00e9 2030 pelo Sporting e ficou blindado por uma cl\u00e1usula de rescis\u00e3o de 80 milh\u00f5es de euros. O jovem brasileiro somou apenas cinco jogos pelo West Ham na presente temporada.<\/p>\n","protected":false},"excerpt":{"rendered":"Lu\u00eds Guilherme foi oficializado este domingo como primeiro refor\u00e7o de inverno do Sporting e confessou estar \u00abmuito feliz\u00bb&hellip;\n","protected":false},"author":2,"featured_media":215472,"comment_status":"","ping_status":"","sticky":false,"template":"","format":"standard","meta":{"footnotes":""},"categories":[87],"tags":[3506,135,39854,46,40,8708,42,41,728,32,33,47,34,134,35],"class_list":{"0":"post-215471","1":"post","2":"type-post","3":"status-publish","4":"format-standard","5":"has-post-thumbnail","7":"category-desporto","8":"tag-abel-ferreira","9":"tag-desporto","10":"tag-luis-guilherme","11":"tag-maisfutebol","12":"tag-maistransferencias","13":"tag-mateus-fernandes","14":"tag-mercado","15":"tag-mercado-de-transferencias","16":"tag-mercado-sporting","17":"tag-portugal","18":"tag-pt","19":"tag-pura-paixao","20":"tag-sporting","21":"tag-sports","22":"tag-transferencias"},"share_on_mastodon":{"url":"https:\/\/pubeurope.com\/@pt\/115840978144150764","error":""},"_links":{"self":[{"href":"https:\/\/www.europesays.com\/pt\/wp-json\/wp\/v2\/posts\/215471","targetHints":{"allow":["GET"]}}],"collection":[{"href":"https:\/\/www.europesays.com\/pt\/wp-json\/wp\/v2\/posts"}],"about":[{"href":"https:\/\/www.europesays.com\/pt\/wp-json\/wp\/v2\/types\/post"}],"author":[{"embeddable":true,"href":"https:\/\/www.europesays.com\/pt\/wp-json\/wp\/v2\/users\/2"}],"replies":[{"embeddable":true,"href":"https:\/\/www.europesays.com\/pt\/wp-json\/wp\/v2\/comments?post=215471"}],"version-history":[{"count":0,"href":"https:\/\/www.europesays.com\/pt\/wp-json\/wp\/v2\/posts\/215471\/revisions"}],"wp:featuredmedia":[{"embeddable":true,"href":"https:\/\/www.europesays.com\/pt\/wp-json\/wp\/v2\/media\/215472"}],"wp:attachment":[{"href":"https:\/\/www.europesays.com\/pt\/wp-json\/wp\/v2\/media?parent=215471"}],"wp:term":[{"taxonomy":"category","embeddable":true,"href":"https:\/\/www.europesays.com\/pt\/wp-json\/wp\/v2\/categories?post=215471"},{"taxonomy":"post_tag","embeddable":true,"href":"https:\/\/www.europesays.com\/pt\/wp-json\/wp\/v2\/tags?post=215471"}],"curies":[{"name":"wp","href":"https:\/\/api.w.org\/{rel}","templated":true}]}}