{"id":215479,"date":"2026-01-05T06:13:04","date_gmt":"2026-01-05T06:13:04","guid":{"rendered":"https:\/\/www.europesays.com\/pt\/215479\/"},"modified":"2026-01-05T06:13:04","modified_gmt":"2026-01-05T06:13:04","slug":"terceira-temporada-de-jujutsu-kaisen-ganha-ilustracao-especial","status":"publish","type":"post","link":"https:\/\/www.europesays.com\/pt\/215479\/","title":{"rendered":"Terceira temporada de Jujutsu Kaisen ganha ilustra\u00e7\u00e3o especial"},"content":{"rendered":"<p class=\"wp-block-yoast-seo-estimated-reading-time yoast-reading-time__wrapper\">Estimated reading time: 2 minutos<\/p>\n<p>A terceira temporada de Jujutsu Kaisen chegar\u00e1 em poucos dias e a embalagem do CD de edi\u00e7\u00e3o limitada com o tema de abertura ganhar\u00e1 uma ilustra\u00e7\u00e3o extremamente especial.<\/p>\n<p>O tema de abertura \u00e9 chamado de AIZO, sendo interpretado por King Gnu, voc\u00ea pode ouvir um trecho da m\u00fasica no v\u00eddeo abaixo:<\/p>\n<p>A arte do Single \u00e9 desenhada pelo pr\u00f3prio Gege Akutami e mostra v\u00e1rios personagens transformados em bonecos, enquanto temos Yuji no centro:<\/p>\n<p>O lan\u00e7amento digital de Aizo acontecer\u00e1 no dia 9 de janeiro nas plataformas digitais, um dia depois da estreia da terceira temporada.<\/p>\n<p>Nos pr\u00f3ximos epis\u00f3dios, em T\u00f3quio, que se tornou um lugar infernal ap\u00f3s o Incidente de Shibuya, Itadori e Choso ca\u00e7am esp\u00edritos amaldi\u00e7oados em sil\u00eancio. Eles s\u00e3o atacados por Zenin Naoya, que planeja assassinar Fushiguro para assumir a chefia da fam\u00edlia Zenin. Itadori descobre por Naoya que sua suspens\u00e3o da execu\u00e7\u00e3o foi revogada.<\/p>\n<p>Ent\u00e3o, Okkotsu Yuta, um feiticeiro de n\u00edvel especial, ataca repentinamente como o executor de Itadori. Itadori fica encurralado pela quantidade avassaladora de energia amaldi\u00e7oada de Okkotsu.<\/p>\n<p>Leia mais sobre Jujutsu Kaisen:<\/p>\n<p>Trata-se da adapta\u00e7\u00e3o da obra de\u00a0<strong>Gege Akutami<\/strong>.<\/p>\n","protected":false},"excerpt":{"rendered":"Estimated reading time: 2 minutos A terceira temporada de Jujutsu Kaisen chegar\u00e1 em poucos dias e a embalagem&hellip;\n","protected":false},"author":2,"featured_media":215480,"comment_status":"","ping_status":"","sticky":false,"template":"","format":"standard","meta":{"footnotes":""},"categories":[142],"tags":[114,115,15525,32,33,151],"class_list":{"0":"post-215479","1":"post","2":"type-post","3":"status-publish","4":"format-standard","5":"has-post-thumbnail","7":"category-tv","8":"tag-entertainment","9":"tag-entretenimento","10":"tag-jujutsu-kaisen","11":"tag-portugal","12":"tag-pt","13":"tag-tv"},"share_on_mastodon":{"url":"https:\/\/pubeurope.com\/@pt\/115841020892663654","error":""},"_links":{"self":[{"href":"https:\/\/www.europesays.com\/pt\/wp-json\/wp\/v2\/posts\/215479","targetHints":{"allow":["GET"]}}],"collection":[{"href":"https:\/\/www.europesays.com\/pt\/wp-json\/wp\/v2\/posts"}],"about":[{"href":"https:\/\/www.europesays.com\/pt\/wp-json\/wp\/v2\/types\/post"}],"author":[{"embeddable":true,"href":"https:\/\/www.europesays.com\/pt\/wp-json\/wp\/v2\/users\/2"}],"replies":[{"embeddable":true,"href":"https:\/\/www.europesays.com\/pt\/wp-json\/wp\/v2\/comments?post=215479"}],"version-history":[{"count":0,"href":"https:\/\/www.europesays.com\/pt\/wp-json\/wp\/v2\/posts\/215479\/revisions"}],"wp:featuredmedia":[{"embeddable":true,"href":"https:\/\/www.europesays.com\/pt\/wp-json\/wp\/v2\/media\/215480"}],"wp:attachment":[{"href":"https:\/\/www.europesays.com\/pt\/wp-json\/wp\/v2\/media?parent=215479"}],"wp:term":[{"taxonomy":"category","embeddable":true,"href":"https:\/\/www.europesays.com\/pt\/wp-json\/wp\/v2\/categories?post=215479"},{"taxonomy":"post_tag","embeddable":true,"href":"https:\/\/www.europesays.com\/pt\/wp-json\/wp\/v2\/tags?post=215479"}],"curies":[{"name":"wp","href":"https:\/\/api.w.org\/{rel}","templated":true}]}}