{"id":215493,"date":"2026-01-05T06:30:12","date_gmt":"2026-01-05T06:30:12","guid":{"rendered":"https:\/\/www.europesays.com\/pt\/215493\/"},"modified":"2026-01-05T06:30:12","modified_gmt":"2026-01-05T06:30:12","slug":"italianos-apontam-ex-fc-porto-ao-benfica","status":"publish","type":"post","link":"https:\/\/www.europesays.com\/pt\/215493\/","title":{"rendered":"italianos apontam ex-FC Porto ao Benfica"},"content":{"rendered":"<p><a class=\"autolink-enabled\" data-resource-id=\"233110\" data-resource-type=\"player\" data-sport=\"football\" href=\"https:\/\/www.abola.pt\/futebol\/jogador\/andreas-schjelderup-233110\" rel=\"nofollow noopener\" target=\"_blank\">Andreas Schjelderup<\/a> voltou a n\u00e3o ser utilizado na vit\u00f3ria do <a class=\"autolink-enabled\" data-resource-id=\"450\" data-resource-type=\"team\" data-sport=\"football\" href=\"https:\/\/www.abola.pt\/futebol\/benfica-450\" rel=\"nofollow noopener\" target=\"_blank\">Benfica<\/a> na rece\u00e7\u00e3o ao <a class=\"autolink-enabled\" data-resource-id=\"461\" data-resource-type=\"team\" data-sport=\"football\" href=\"https:\/\/www.abola.pt\/futebol\/estoril-461\" rel=\"nofollow noopener\" target=\"_blank\">Estoril<\/a> e pode abandonar a Luz no mercado de inverno. As \u00e1guias veem com bons olhos uma sa\u00edda do extremo noruegu\u00eas para jogar com maior regularidade. O n\u00f3rdico foi contratado em janeiro de 2023, por \u20ac9 milh\u00f5es, o\u00a0<a class=\"autolink-enabled\" data-resource-id=\"450\" data-resource-type=\"team\" data-sport=\"football\" href=\"https:\/\/www.abola.pt\/futebol\/benfica-450\" rel=\"nofollow noopener\" target=\"_blank\">Benfica<\/a>\u00a0continua a acreditar no jogador e n\u00e3o pretende perder de vista o investimento.\u00a0<\/p>\n<p>A <a class=\"autolink-enabled\" data-resource-id=\"249\" data-resource-type=\"team\" data-sport=\"football\" href=\"https:\/\/www.abola.pt\/futebol\/roma-249\" rel=\"nofollow noopener\" target=\"_blank\">Roma<\/a> foi apontada como possibilidade para <a class=\"autolink-enabled\" data-resource-id=\"233110\" data-resource-type=\"player\" data-sport=\"football\" href=\"https:\/\/www.abola.pt\/futebol\/jogador\/andreas-schjelderup-233110\" rel=\"nofollow noopener\" target=\"_blank\">Schjelderup<\/a> jogar na segunda metade da \u00e9poca, mas a imprensa italiana, no caso o jornal La Stampa, fala noutra possibilidade, que at\u00e9 poderia levar a que um ex-<a class=\"autolink-enabled\" data-resource-id=\"451\" data-resource-type=\"team\" data-sport=\"football\" href=\"https:\/\/www.abola.pt\/futebol\/fc-porto-451\" rel=\"nofollow noopener\" target=\"_blank\">FC Porto<\/a> chegasse \u00e0 Luz. \u00a0<\/p>\n<p>\t\t<img decoding=\"async\" src=\"https:\/\/www.europesays.com\/pt\/wp-content\/uploads\/2026\/01\/1767594612_724_thumbs.web.sapo.io.webp\"  loading=\"true\"\/><\/p>\n<p>                        Jo\u00e3o M\u00e1rio chegou esta \u00e9poca \u00e0 Juventus por troca com Alberto Costa &#8211; Foto: IMAGO<\/p>\n<p>De acordo com a La Stampa, h\u00e1 rumores acerca da possibilidade de <a class=\"autolink-enabled\" data-resource-id=\"233110\" data-resource-type=\"player\" data-sport=\"football\" href=\"https:\/\/www.abola.pt\/futebol\/jogador\/andreas-schjelderup-233110\" rel=\"nofollow noopener\" target=\"_blank\">Schjelderup<\/a> seguir para a <a class=\"autolink-enabled\" data-resource-id=\"255\" data-resource-type=\"team\" data-sport=\"football\" href=\"https:\/\/www.abola.pt\/futebol\/juventus-255\" rel=\"nofollow noopener\" target=\"_blank\">Juventus<\/a> por empr\u00e9stimo e <a class=\"autolink-enabled\" data-resource-id=\"198662\" data-resource-type=\"player\" data-sport=\"football\" href=\"https:\/\/www.abola.pt\/futebol\/jogador\/joao-mario-198662\" rel=\"nofollow noopener\" target=\"_blank\">Jo\u00e3o M\u00e1rio<\/a>, que deixou o <a class=\"autolink-enabled\" data-resource-id=\"451\" data-resource-type=\"team\" data-sport=\"football\" href=\"https:\/\/www.abola.pt\/futebol\/fc-porto-451\" rel=\"nofollow noopener\" target=\"_blank\">FC Porto<\/a> no ver\u00e3o num neg\u00f3cio que envolveu uma troca com <a class=\"autolink-enabled\" data-resource-id=\"262838\" data-resource-type=\"player\" data-sport=\"football\" href=\"https:\/\/www.abola.pt\/futebol\/jogador\/alberto-262838\" rel=\"nofollow noopener\" target=\"_blank\">Alberto<\/a> Costa, possa seguir o mesmo caminho, no caso rumo ao <a class=\"autolink-enabled\" data-resource-id=\"450\" data-resource-type=\"team\" data-sport=\"football\" href=\"https:\/\/www.abola.pt\/futebol\/benfica-450\" rel=\"nofollow noopener\" target=\"_blank\">Benfica<\/a>. \u00a0<\/p>\n<p>Spalletti pretende refor\u00e7ar o ataque e <a class=\"autolink-enabled\" data-resource-id=\"233110\" data-resource-type=\"player\" data-sport=\"football\" href=\"https:\/\/www.abola.pt\/futebol\/jogador\/andreas-schjelderup-233110\" rel=\"nofollow noopener\" target=\"_blank\">Schjelderup<\/a> permitiria que o treinador da vecchia signora ganhasse mais uma op\u00e7\u00e3o. J\u00e1 <a class=\"autolink-enabled\" data-resource-id=\"198662\" data-resource-type=\"player\" data-sport=\"football\" href=\"https:\/\/www.abola.pt\/futebol\/jogador\/joao-mario-198662\" rel=\"nofollow noopener\" target=\"_blank\">Jo\u00e3o M\u00e1rio<\/a> est\u00e1 com pouco espa\u00e7o em Turim e a sa\u00edda \u00e9 possibilidade. O lateral soma 12 jogos com a camisola da <a class=\"autolink-enabled\" data-resource-id=\"255\" data-resource-type=\"team\" data-sport=\"football\" href=\"https:\/\/www.abola.pt\/futebol\/juventus-255\" rel=\"nofollow noopener\" target=\"_blank\">Juventus<\/a>, num total de 358 minutos. \u00a0<\/p>\n","protected":false},"excerpt":{"rendered":"Andreas Schjelderup voltou a n\u00e3o ser utilizado na vit\u00f3ria do Benfica na rece\u00e7\u00e3o ao Estoril e pode abandonar&hellip;\n","protected":false},"author":2,"featured_media":215494,"comment_status":"","ping_status":"","sticky":false,"template":"","format":"standard","meta":{"footnotes":""},"categories":[87],"tags":[135,32,33,134],"class_list":{"0":"post-215493","1":"post","2":"type-post","3":"status-publish","4":"format-standard","5":"has-post-thumbnail","7":"category-desporto","8":"tag-desporto","9":"tag-portugal","10":"tag-pt","11":"tag-sports"},"share_on_mastodon":{"url":"https:\/\/pubeurope.com\/@pt\/115841087760155232","error":""},"_links":{"self":[{"href":"https:\/\/www.europesays.com\/pt\/wp-json\/wp\/v2\/posts\/215493","targetHints":{"allow":["GET"]}}],"collection":[{"href":"https:\/\/www.europesays.com\/pt\/wp-json\/wp\/v2\/posts"}],"about":[{"href":"https:\/\/www.europesays.com\/pt\/wp-json\/wp\/v2\/types\/post"}],"author":[{"embeddable":true,"href":"https:\/\/www.europesays.com\/pt\/wp-json\/wp\/v2\/users\/2"}],"replies":[{"embeddable":true,"href":"https:\/\/www.europesays.com\/pt\/wp-json\/wp\/v2\/comments?post=215493"}],"version-history":[{"count":0,"href":"https:\/\/www.europesays.com\/pt\/wp-json\/wp\/v2\/posts\/215493\/revisions"}],"wp:featuredmedia":[{"embeddable":true,"href":"https:\/\/www.europesays.com\/pt\/wp-json\/wp\/v2\/media\/215494"}],"wp:attachment":[{"href":"https:\/\/www.europesays.com\/pt\/wp-json\/wp\/v2\/media?parent=215493"}],"wp:term":[{"taxonomy":"category","embeddable":true,"href":"https:\/\/www.europesays.com\/pt\/wp-json\/wp\/v2\/categories?post=215493"},{"taxonomy":"post_tag","embeddable":true,"href":"https:\/\/www.europesays.com\/pt\/wp-json\/wp\/v2\/tags?post=215493"}],"curies":[{"name":"wp","href":"https:\/\/api.w.org\/{rel}","templated":true}]}}