{"id":215503,"date":"2026-01-05T06:44:10","date_gmt":"2026-01-05T06:44:10","guid":{"rendered":"https:\/\/www.europesays.com\/pt\/215503\/"},"modified":"2026-01-05T06:44:10","modified_gmt":"2026-01-05T06:44:10","slug":"hogwarts-legacy-mostrou-a-distancia-absurdamente-longa-que-harry-teve-que-percorrer-no-sexto-filme-apos-final-tragico","status":"publish","type":"post","link":"https:\/\/www.europesays.com\/pt\/215503\/","title":{"rendered":"Hogwarts Legacy mostrou a dist\u00e2ncia absurdamente longa que Harry teve que percorrer no sexto filme ap\u00f3s final tr\u00e1gico"},"content":{"rendered":"<p>\n                        At\u00e9 as cenas mais tocantes perdem o realismo; \u00c9 assim que O Enigma do Pr\u00edncipe poderia ter terminado.\n                    <\/p>\n<p>\n                                    4 jan<br \/>\n                                    2026<br \/>\n                                     &#8211; 11h15\n                                <\/p>\n<p>\n                                                                                                                        (atualizado em 4\/1\/2026 \u00e0s 17h24)\n                                                                            <\/p>\n<p><img loading=\"lazy\" decoding=\"async\" alt=\"\" class=\"img-e2b242d578a4f29fef4b497f76d44f0748hbcpmj\" height=\"581\" src=\"https:\/\/www.europesays.com\/pt\/wp-content\/uploads\/2026\/01\/913579819-13662000.png\"  title=\"Xataka\" width=\"774\"\/><\/p>\n<p>\nFoto: Xataka\n<\/p>\n<p class=\"text\">Em fevereiro de 2023, Hogwarts Legacy estreou. A produ\u00e7\u00e3o da Avalanche Software pode ser descrita como um simulador &#8220;realista&#8221; da escola de magia e bruxaria &#8211; os jogadores continuam voltando a essa vers\u00e3o de Hogwarts para se inspirar na atmosfera nost\u00e1lgica, adicionar seus pr\u00f3prios elementos ou&#8230; recriar certas cenas da saga original.<\/p>\n<p class=\"text\">\u00c9 \u00f3bvio que os criadores se inspiraram principalmente nos livros que narram o destino do protagonista, Harry Potter. Como resultado, no castelo, passamos horas &#8211; ou melhor, longos minutos &#8211; caminhando entre os aposentos e outros recantos. N\u00e3o vemos esse tipo de peregrina\u00e7\u00e3o nos filmes, embora talvez seja melhor assim?<\/p>\n<p>N\u00e3o se preocupe, Harry, Snape estar\u00e1 esperando<\/p>\n<p class=\"text\">O Enigma do Pr\u00edncipe, o sexto livro da s\u00e9rie Harry Potter, marca a virada de toda a hist\u00f3ria. \u00c9 nesta parte que vivenciamos um confronto dram\u00e1tico envolvendo o Menino Que Sobreviveu, Dumbledore e os Comensais da Morte, liderados por Severo Snape. Os leitores se lembrar\u00e3o de que o diretor de Hogwarts n\u00e3o sobreviveu a esse confronto e morreu na Torre de Astronomia.<\/p>\n<p class=\"text\">Ap\u00f3s esses eventos, Harry corre atr\u00e1s do Professor Snape at\u00e9 a cabana de Hagrid, que est\u00e1 em chamas. Toda a sequ\u00eancia \u00e9 uma verdadeira montanha-russa emocional que n\u00e3o nos deixa respirar &#8211; mas e se o livro e o filme tivessem levado em conta toda a jornada do nosso bruxo?<\/p>\n<p class=\"text\">Temos que admitir uma coisa: o resultado final definitivamente perderia o impacto dram\u00e1tico. A julgar por um v\u00eddeo compartilhado no Reddit, Harry passou longos &#8230;<\/p>\n<p class=\"text\"><a href=\"https:\/\/www.xataka.com.br\/diversos\/harry-potter-e-a-meia-maratona-hogwarts-legacy-mostrou-a-distancia-absurdamente-longa-que-harry-teve-que-percorrer-no-sexto-filme-apos-final-tragico\" rel=\"nofollow noopener\" target=\"_blank\">Veja mais<\/a><\/p>\n<p class=\"text\"><b>Mat\u00e9rias relacionadas<\/b><\/p>\n<p class=\"text\"><a href=\"https:\/\/www.xataka.com.br\/diversos\/europa-sabe-que-perdeu-a-corrida-pelos-grandes-modelos-ia-isso-a-mistral-esta-apostando-tudo-nos-pequenos\" rel=\"nofollow noopener\" target=\"_blank\"> Europa sabe que perdeu a corrida pelos grandes modelos de IA. Por isso, a Mistral est\u00e1 apostando tudo nos pequenos <\/a><\/p>\n<p class=\"text\"><a href=\"https:\/\/www.xataka.com.br\/diversos\/quando-jeff-bezos-demitiu-ceo-da-blue-origin-ha-dois-anos-spacex-estava-anos-a-frente-hoje-isso-e-historia\" rel=\"nofollow noopener\" target=\"_blank\"> Quando Jeff Bezos demitiu CEO da Blue Origin h\u00e1 dois anos, SpaceX estava anos \u00e0 frente; hoje, isso \u00e9 hist\u00f3ria. <\/a><\/p>\n<p class=\"text\"><a href=\"https:\/\/www.xataka.com.br\/diversos\/apple-quer-retomar-crescimento-do-iphone-e-oito-modelos-que-serao-lancados-nos-proximos-dois-anos-vazaram\" rel=\"nofollow noopener\" target=\"_blank\"> Apple quer &#8220;retomar crescimento do iPhone&#8221; e oito modelos que ser\u00e3o lan\u00e7ados nos pr\u00f3ximos dois anos vazaram <\/a><\/p>\n<p class=\"text\"><a href=\"https:\/\/www.xataka.com.br\/diversos\/photoshop-no-chatgpt-se-parece-mais-com-um-professor-paciente-do-que-com-uma-ia-magica\" rel=\"nofollow noopener\" target=\"_blank\"> Photoshop no ChatGPT se parece mais com um professor paciente do que com uma IA m\u00e1gica <\/a><\/p>\n<p class=\"text\"><a href=\"https:\/\/www.xataka.com.br\/diversos\/a-terra-tem-uma-cauda-milhoes-quilometros-e-isso-confunde-seu-gps\" rel=\"nofollow noopener\" target=\"_blank\"> A Terra tem uma cauda de milh\u00f5es de quil\u00f4metros, e isso confunde o seu GPS <\/a><\/p>\n","protected":false},"excerpt":{"rendered":"At\u00e9 as cenas mais tocantes perdem o realismo; \u00c9 assim que O Enigma do Pr\u00edncipe poderia ter terminado.&hellip;\n","protected":false},"author":2,"featured_media":215504,"comment_status":"","ping_status":"","sticky":false,"template":"","format":"standard","meta":{"footnotes":""},"categories":[140],"tags":[114,115,147,148,146,32,33],"class_list":{"0":"post-215503","1":"post","2":"type-post","3":"status-publish","4":"format-standard","5":"has-post-thumbnail","7":"category-filmes","8":"tag-entertainment","9":"tag-entretenimento","10":"tag-film","11":"tag-filmes","12":"tag-movies","13":"tag-portugal","14":"tag-pt"},"share_on_mastodon":{"url":"https:\/\/pubeurope.com\/@pt\/115841142899578129","error":""},"_links":{"self":[{"href":"https:\/\/www.europesays.com\/pt\/wp-json\/wp\/v2\/posts\/215503","targetHints":{"allow":["GET"]}}],"collection":[{"href":"https:\/\/www.europesays.com\/pt\/wp-json\/wp\/v2\/posts"}],"about":[{"href":"https:\/\/www.europesays.com\/pt\/wp-json\/wp\/v2\/types\/post"}],"author":[{"embeddable":true,"href":"https:\/\/www.europesays.com\/pt\/wp-json\/wp\/v2\/users\/2"}],"replies":[{"embeddable":true,"href":"https:\/\/www.europesays.com\/pt\/wp-json\/wp\/v2\/comments?post=215503"}],"version-history":[{"count":0,"href":"https:\/\/www.europesays.com\/pt\/wp-json\/wp\/v2\/posts\/215503\/revisions"}],"wp:featuredmedia":[{"embeddable":true,"href":"https:\/\/www.europesays.com\/pt\/wp-json\/wp\/v2\/media\/215504"}],"wp:attachment":[{"href":"https:\/\/www.europesays.com\/pt\/wp-json\/wp\/v2\/media?parent=215503"}],"wp:term":[{"taxonomy":"category","embeddable":true,"href":"https:\/\/www.europesays.com\/pt\/wp-json\/wp\/v2\/categories?post=215503"},{"taxonomy":"post_tag","embeddable":true,"href":"https:\/\/www.europesays.com\/pt\/wp-json\/wp\/v2\/tags?post=215503"}],"curies":[{"name":"wp","href":"https:\/\/api.w.org\/{rel}","templated":true}]}}