{"id":215505,"date":"2026-01-05T06:45:16","date_gmt":"2026-01-05T06:45:16","guid":{"rendered":"https:\/\/www.europesays.com\/pt\/215505\/"},"modified":"2026-01-05T06:45:16","modified_gmt":"2026-01-05T06:45:16","slug":"encontrado-corpo-de-treinador-do-valencia-na-indonesia-2","status":"publish","type":"post","link":"https:\/\/www.europesays.com\/pt\/215505\/","title":{"rendered":"Encontrado corpo de treinador do Val\u00eancia na Indon\u00e9sia"},"content":{"rendered":"<p>As equipas de resgate da Indon\u00e9sia confirmaram este domingo a recupera\u00e7\u00e3o do corpo do espanhol Fernando Mart\u00edn, antigo futebolista e treinador da equipa B feminina do <a class=\"autolink-enabled\" data-resource-id=\"210\" data-resource-type=\"team\" data-sport=\"football\" href=\"https:\/\/www.abola.pt\/futebol\/valencia-210\" rel=\"nofollow noopener\" target=\"_blank\">Val\u00eancia<\/a>. As opera\u00e7\u00f5es de busca prosseguem para tentar localizar duas crian\u00e7as que continuam desaparecidas desde o naufr\u00e1gio ocorrido a 26 de dezembro.<\/p>\n<p>O corpo de Fernando Mart\u00edn, de 44 anos, foi encontrado na mesma \u00e1rea onde, a 29 de dezembro, j\u00e1 tinha sido localizado o corpo de uma menina de 12 anos, tamb\u00e9m v\u00edtima do acidente, filha de Andrea Ortu\u00f1o, mulher de Mart\u00edn, que foi resgatada com vida juntamente com outra filha.<\/p>\n<p>Ap\u00f3s esta descoberta, as autoridades indon\u00e9sias decidiram prolongar por mais tr\u00eas dias a busca pelas duas crian\u00e7as que ainda n\u00e3o foram encontradas: dois meninos, um filho de Andrea e outro de Fernando.<\/p>\n<p>A fam\u00edlia valenciana viajava numa embarca\u00e7\u00e3o no Parque Nacional de Komodo quando esta naufragou.<\/p>\n","protected":false},"excerpt":{"rendered":"As equipas de resgate da Indon\u00e9sia confirmaram este domingo a recupera\u00e7\u00e3o do corpo do espanhol Fernando Mart\u00edn, antigo&hellip;\n","protected":false},"author":2,"featured_media":215506,"comment_status":"","ping_status":"","sticky":false,"template":"","format":"standard","meta":{"footnotes":""},"categories":[87],"tags":[135,32,33,134],"class_list":{"0":"post-215505","1":"post","2":"type-post","3":"status-publish","4":"format-standard","5":"has-post-thumbnail","7":"category-desporto","8":"tag-desporto","9":"tag-portugal","10":"tag-pt","11":"tag-sports"},"share_on_mastodon":{"url":"https:\/\/pubeurope.com\/@pt\/115841146744602130","error":""},"_links":{"self":[{"href":"https:\/\/www.europesays.com\/pt\/wp-json\/wp\/v2\/posts\/215505","targetHints":{"allow":["GET"]}}],"collection":[{"href":"https:\/\/www.europesays.com\/pt\/wp-json\/wp\/v2\/posts"}],"about":[{"href":"https:\/\/www.europesays.com\/pt\/wp-json\/wp\/v2\/types\/post"}],"author":[{"embeddable":true,"href":"https:\/\/www.europesays.com\/pt\/wp-json\/wp\/v2\/users\/2"}],"replies":[{"embeddable":true,"href":"https:\/\/www.europesays.com\/pt\/wp-json\/wp\/v2\/comments?post=215505"}],"version-history":[{"count":0,"href":"https:\/\/www.europesays.com\/pt\/wp-json\/wp\/v2\/posts\/215505\/revisions"}],"wp:featuredmedia":[{"embeddable":true,"href":"https:\/\/www.europesays.com\/pt\/wp-json\/wp\/v2\/media\/215506"}],"wp:attachment":[{"href":"https:\/\/www.europesays.com\/pt\/wp-json\/wp\/v2\/media?parent=215505"}],"wp:term":[{"taxonomy":"category","embeddable":true,"href":"https:\/\/www.europesays.com\/pt\/wp-json\/wp\/v2\/categories?post=215505"},{"taxonomy":"post_tag","embeddable":true,"href":"https:\/\/www.europesays.com\/pt\/wp-json\/wp\/v2\/tags?post=215505"}],"curies":[{"name":"wp","href":"https:\/\/api.w.org\/{rel}","templated":true}]}}