{"id":215509,"date":"2026-01-05T06:49:08","date_gmt":"2026-01-05T06:49:08","guid":{"rendered":"https:\/\/www.europesays.com\/pt\/215509\/"},"modified":"2026-01-05T06:49:08","modified_gmt":"2026-01-05T06:49:08","slug":"esta-a-nascer-um-novo-empreendimento-com-6-moradias-no-norte-do-pais-nit","status":"publish","type":"post","link":"https:\/\/www.europesays.com\/pt\/215509\/","title":{"rendered":"Est\u00e1 a nascer um novo empreendimento com 6 moradias no norte do Pa\u00eds \u2014 NiT"},"content":{"rendered":"<p>Na freguesia de Abade de Vermoim, a cinco minutos do centro de Vila Nova de Famalic\u00e3o, est\u00e1 a ver nascer o Abbas Village, um novo empreendimento com seis moradias T3. A conclus\u00e3o das obras, que arrancaram em 2025, est\u00e1 prevista para 2027.<\/p>\n<p>Todas as propriedades, situadas na Rua de Camilo Castelo Branco, v\u00e3o contar com 206 metros quadrados, piscina, e tr\u00eas suites. O destaque vai tamb\u00e9m para o \u201cdesign contempor\u00e2neo e pelos acabamentos de elevada qualidade\u201d.<\/p>\n<p>\u201cO que distingue o Abbas Village n\u00e3o \u00e9 apenas a qualidade construtiva, mas a possibilidade de viver a dois passos da cidade com a tranquilidade do campo\u201d, sublinhou Diogo Veloso, diretor comercial da imobili\u00e1ria MEDIUM, aqui citado pela plataforma \u201cIdealista\u201d.<\/p>\n<p>O respons\u00e1vel refere ainda que o facto de existirem apenas seis suites ajuda a criar \u201cum ambiente de vizinhan\u00e7a intimista e tranquilo, algo que as fam\u00edlias valorizam cada vez mais\u201d.<\/p>\n<p>As cozinhas ser\u00e3o totalmente equipadas com eletrodom\u00e9sticos modernos, como microondas, forno, placa, exaustor, m\u00e1quina de lavar loi\u00e7a e frigor\u00edfico combinado. Al\u00e9m disso, cada moradia contar\u00e1 com uma bomba de calor de 280 litros para o aquecimento das \u00e1guas sanit\u00e1rias e com ar condicionado na zona social e nas tr\u00eas suites.<\/p>\n<p>As garagens contar\u00e3o ainda com um ponto de carregamento el\u00e9trico e o projeto destaca a localiza\u00e7\u00e3o como um dos pontos altos \u2014 situa-se a menos de um quil\u00f3metros dos acessos \u00e0s autoestradas A3 e A7, a poucos minutos do Parque da Devesa e a apenas dois quil\u00f3metros do centro da cidade.<\/p>\n<p>Os valores das novas moradias variam entre os 410 e 435 mil euros. Caso tenha interesse, pode consultar o <a href=\"https:\/\/www.medium.pt\/de-de\/immobilienkomplex\/abbas-village\/24487239\" target=\"_blank\" rel=\"noopener nofollow\">site<\/a> da imobili\u00e1ria respons\u00e1vel pela promo\u00e7\u00e3o do projeto.\u00a0<\/p>\n<p>Carregue na galeria para ver algumas fotografias do Abbas Village.<\/p>\n","protected":false},"excerpt":{"rendered":"Na freguesia de Abade de Vermoim, a cinco minutos do centro de Vila Nova de Famalic\u00e3o, est\u00e1 a&hellip;\n","protected":false},"author":2,"featured_media":215510,"comment_status":"","ping_status":"","sticky":false,"template":"","format":"standard","meta":{"footnotes":""},"categories":[83],"tags":[88,89,90,32,33],"class_list":{"0":"post-215509","1":"post","2":"type-post","3":"status-publish","4":"format-standard","5":"has-post-thumbnail","7":"category-empresas","8":"tag-business","9":"tag-economy","10":"tag-empresas","11":"tag-portugal","12":"tag-pt"},"share_on_mastodon":{"url":"https:\/\/pubeurope.com\/@pt\/115841162434924403","error":""},"_links":{"self":[{"href":"https:\/\/www.europesays.com\/pt\/wp-json\/wp\/v2\/posts\/215509","targetHints":{"allow":["GET"]}}],"collection":[{"href":"https:\/\/www.europesays.com\/pt\/wp-json\/wp\/v2\/posts"}],"about":[{"href":"https:\/\/www.europesays.com\/pt\/wp-json\/wp\/v2\/types\/post"}],"author":[{"embeddable":true,"href":"https:\/\/www.europesays.com\/pt\/wp-json\/wp\/v2\/users\/2"}],"replies":[{"embeddable":true,"href":"https:\/\/www.europesays.com\/pt\/wp-json\/wp\/v2\/comments?post=215509"}],"version-history":[{"count":0,"href":"https:\/\/www.europesays.com\/pt\/wp-json\/wp\/v2\/posts\/215509\/revisions"}],"wp:featuredmedia":[{"embeddable":true,"href":"https:\/\/www.europesays.com\/pt\/wp-json\/wp\/v2\/media\/215510"}],"wp:attachment":[{"href":"https:\/\/www.europesays.com\/pt\/wp-json\/wp\/v2\/media?parent=215509"}],"wp:term":[{"taxonomy":"category","embeddable":true,"href":"https:\/\/www.europesays.com\/pt\/wp-json\/wp\/v2\/categories?post=215509"},{"taxonomy":"post_tag","embeddable":true,"href":"https:\/\/www.europesays.com\/pt\/wp-json\/wp\/v2\/tags?post=215509"}],"curies":[{"name":"wp","href":"https:\/\/api.w.org\/{rel}","templated":true}]}}