{"id":215551,"date":"2026-01-05T08:04:15","date_gmt":"2026-01-05T08:04:15","guid":{"rendered":"https:\/\/www.europesays.com\/pt\/215551\/"},"modified":"2026-01-05T08:04:15","modified_gmt":"2026-01-05T08:04:15","slug":"em-orlando-viih-tube-surpreende-ao-mostrar-recuperacao-do-filho-apos-cirurgia-por-queimadura","status":"publish","type":"post","link":"https:\/\/www.europesays.com\/pt\/215551\/","title":{"rendered":"Em Orlando, Viih Tube surpreende ao mostrar recupera\u00e7\u00e3o do filho ap\u00f3s cirurgia por queimadura"},"content":{"rendered":"<p>Viih Tube est\u00e1 em Orlando, nos Estados Unidos, com a fam\u00edlia, e durante a viagem compartilhou novas informa\u00e7\u00f5es sobre o estado de sa\u00fade do filho ca\u00e7ula, Ravi, de um ano. O menino sofreu uma queimadura de segundo grau na m\u00e3o no fim de dezembro e passou por cirurgia, mas j\u00e1 est\u00e1 se recuperando.\u00a0<\/p>\n<p>Neste fim de semana, a influenciadora digital publicou imagens nos Stories e mostrou a evolu\u00e7\u00e3o da \u00e1rea atingida, afirmando que o tratamento continua sendo realizado durante o per\u00edodo de f\u00e9rias. De acordo com a esposa de Eliezer, mesmo fora do Brasil, o pequeno segue sendo acompanhado por profissionais de sa\u00fade.<\/p>\n<p>+\u00a0<a href=\"https:\/\/natelinha.uol.com.br\/televisao\/2026\/01\/04\/a-pergunta-facil-envolvendo-anitta-que-a-participante-do-domingo-legal-errou-236065.php\" rel=\"nofollow noopener\" target=\"_blank\">A pergunta f\u00e1cil envolvendo Anitta que a participante do Domingo Legal errou<\/a><\/p>\n<p>continua depois da publicidade<\/p>\n<p>+\u00a0<a href=\"https:\/\/natelinha.uol.com.br\/natelona\/2026\/01\/04\/o-filme-que-paulo-gustavo-criou-de-madrugada-e-dona-dea-ajudou-a-tirar-do-papel-236064.php\" rel=\"nofollow noopener\" target=\"_blank\">O filme que Paulo Gustavo criou de madrugada e Dona D\u00e9a ajudou a tirar do papel<\/a><\/p>\n<p>A influenciadora explicou que os curativos est\u00e3o sendo trocados na pr\u00f3pria viagem. \u201cM\u00e3ozinha do Ravi j\u00e1 est\u00e1 muito melhor. Estamos trocando [os curativos] aqui na viagem com m\u00e9dicos daqui tamb\u00e9m\u201d, disse ela,\u00a0que vem atualizando o estado de sa\u00fade da crian\u00e7a nas redes sociais.<\/p>\n<p><img decoding=\"async\" loading=\"lazy\" class=\"horizontal\" src=\"https:\/\/www.europesays.com\/pt\/wp-content\/uploads\/2026\/01\/viih-tube-queimadura-filho-1_7712.jpeg\" alt=\"Print de Story de Viih Tube mostrando a m\u00e3o de Ravi\" width=\"493\" height=\"746\"\/><\/p>\n<p>O que aconteceu com o filho de Viih Tube<\/p>\n<p>No dia 21 de dezembro, <a href=\"https:\/\/natelinha.uol.com.br\/famosos\/tudo-sobre\/viih-tube\" rel=\"nofollow noopener\" target=\"_blank\">Viih Tube<\/a> contou nas redes sociais que Ravi foi internado ap\u00f3s sofrer uma queimadura de segundo grau na m\u00e3o e precisou passar por cirurgia. Segundo ela, o acidente ocorreu\u00a0quando o menino estava com a bab\u00e1 ap\u00f3s um passeio de buggy e encostou a m\u00e3o no motor ainda quente do ve\u00edculo desligado.\u00a0<\/p>\n<p>continua depois da publicidade<\/p>\n<p>&#8220;Ravi fez uma queimadura de segundo grau, precisou internar e passar por uma cirurgia. Mas j\u00e1 est\u00e1 tudo bem, gra\u00e7as a Deus. Comemoramos ontem que fazia um ano que ele tinha tido alta e hoje internou no mesmo hospital, na mesma UTI porque ele colocou a m\u00e3o no motor do buggy e teve uma queimadura de 2\u00ba grau&#8221;, explicou.<\/p>\n<p>Dias depois do primeiro procedimento, Viih Tube informou que Ravi precisou passar por uma segunda interven\u00e7\u00e3o m\u00e9dica relacionada ao tratamento da queimadura, <a href=\"https:\/\/natelinha.uol.com.br\/famosos\/2025\/12\/26\/viih-tube-expoe-crise-de-ansiedade-apos-acidente-com-o-filho-235772.php\" rel=\"nofollow noopener\" target=\"_blank\">o que a deixou com crises de ansiedade.<\/a><\/p>\n","protected":false},"excerpt":{"rendered":"Viih Tube est\u00e1 em Orlando, nos Estados Unidos, com a fam\u00edlia, e durante a viagem compartilhou novas informa\u00e7\u00f5es&hellip;\n","protected":false},"author":2,"featured_media":215552,"comment_status":"","ping_status":"","sticky":false,"template":"","format":"standard","meta":{"footnotes":""},"categories":[145],"tags":[211,210,114,115,32,33,12756],"class_list":{"0":"post-215551","1":"post","2":"type-post","3":"status-publish","4":"format-standard","5":"has-post-thumbnail","7":"category-celebridades","8":"tag-celebridades","9":"tag-celebrities","10":"tag-entertainment","11":"tag-entretenimento","12":"tag-portugal","13":"tag-pt","14":"tag-viih-tube"},"share_on_mastodon":{"url":"https:\/\/pubeurope.com\/@pt\/115841457424834946","error":""},"_links":{"self":[{"href":"https:\/\/www.europesays.com\/pt\/wp-json\/wp\/v2\/posts\/215551","targetHints":{"allow":["GET"]}}],"collection":[{"href":"https:\/\/www.europesays.com\/pt\/wp-json\/wp\/v2\/posts"}],"about":[{"href":"https:\/\/www.europesays.com\/pt\/wp-json\/wp\/v2\/types\/post"}],"author":[{"embeddable":true,"href":"https:\/\/www.europesays.com\/pt\/wp-json\/wp\/v2\/users\/2"}],"replies":[{"embeddable":true,"href":"https:\/\/www.europesays.com\/pt\/wp-json\/wp\/v2\/comments?post=215551"}],"version-history":[{"count":0,"href":"https:\/\/www.europesays.com\/pt\/wp-json\/wp\/v2\/posts\/215551\/revisions"}],"wp:featuredmedia":[{"embeddable":true,"href":"https:\/\/www.europesays.com\/pt\/wp-json\/wp\/v2\/media\/215552"}],"wp:attachment":[{"href":"https:\/\/www.europesays.com\/pt\/wp-json\/wp\/v2\/media?parent=215551"}],"wp:term":[{"taxonomy":"category","embeddable":true,"href":"https:\/\/www.europesays.com\/pt\/wp-json\/wp\/v2\/categories?post=215551"},{"taxonomy":"post_tag","embeddable":true,"href":"https:\/\/www.europesays.com\/pt\/wp-json\/wp\/v2\/tags?post=215551"}],"curies":[{"name":"wp","href":"https:\/\/api.w.org\/{rel}","templated":true}]}}