{"id":215553,"date":"2026-01-05T08:10:07","date_gmt":"2026-01-05T08:10:07","guid":{"rendered":"https:\/\/www.europesays.com\/pt\/215553\/"},"modified":"2026-01-05T08:10:07","modified_gmt":"2026-01-05T08:10:07","slug":"diogo-costa-entristece-me-o-tempo-que-se-desperdica-no-mal-dizer-e-na-especulacao","status":"publish","type":"post","link":"https:\/\/www.europesays.com\/pt\/215553\/","title":{"rendered":"Diogo Costa: \u00abEntristece-me o tempo que se desperdi\u00e7a no mal dizer e na especula\u00e7\u00e3o\u00bb"},"content":{"rendered":"<p style=\"margin-bottom:11px\">Ap\u00f3s a <a href=\"https:\/\/maisfutebol.iol.pt\/jogo\/aominuto\/santaclara\/fcporto\/13828164\" target=\"_top\" rel=\"nofollow noopener\"><strong>vit\u00f3ria sobre o Santa Clara (1-0)<\/strong><\/a>, Diogo Costa recorreu \u00e0s redes sociais para enaltecer o \u00abarranque\u00bb do FC Porto em 2026, mostrando-se \u00aborgulhoso\u00bb da exibi\u00e7\u00e3o nos A\u00e7ores.<\/p>\n<p>\u00abMas, mais do que o resultado, esta vit\u00f3ria confirma aquilo que n\u00f3s sentimos todos os dias, a solidez do nosso grupo. Aqui h\u00e1 trabalho, h\u00e1 uni\u00e3o, e acima de tudo h\u00e1 respeito\u00bb, escreveu o guarda-redes do FC Porto, antes de deixar um desabafo.<\/p>\n<p>\u00abPor isso, confesso que me entristece ver o tempo que \u00e0s vezes se desperdi\u00e7a no mal dizer e na especula\u00e7\u00e3o. \u00a0Sou uma pessoa de bem, protejo sempre os meus e nada derruba esta equipa, nem o carinho que tenho a todos os meus companheiros. Vamos focar no que realmente importa, no nosso caminho, no nosso crescimento, o que constru\u00edmos juntos todos os dias.\u00bb<\/p>\n<p>Embora Diogo Costa n\u00e3o tenha especificado o motivo do desabafo, tal poder\u00e1 estar relacionado com o v\u00eddeo que circulou nas redes sociais ap\u00f3s o treino aberto no Drag\u00e3o. No v\u00eddeo em quest\u00e3o \u00e9 poss\u00edvel ver o capit\u00e3o dos portistas a pontapear Rodrigo Mora nas costas, num momento de boa disposi\u00e7\u00e3o entre ambos, isto ap\u00f3s um golo de chap\u00e9u do m\u00e9dio.<\/p>\n<blockquote class=\"instagram-media\" data-instgrm-captioned=\"\" data-instgrm-permalink=\"https:\/\/www.instagram.com\/p\/DTGsmb_ABaj\/?utm_source=ig_embed&amp;utm_campaign=loading\" data-instgrm-version=\"14\" style=\" background:#FFF; border:0; border-radius:3px; box-shadow:0 0 1px 0 rgba(0,0,0,0.5),0 1px 10px 0 rgba(0,0,0,0.15); margin: 1px; max-width:540px; min-width:326px; padding:0; width:99.375%; width:-webkit-calc(100% - 2px); width:calc(100% - 2px);\">\n<\/blockquote>\n<p>                                <script async src=\"\/\/www.instagram.com\/embed.js\"><\/script><\/p>\n","protected":false},"excerpt":{"rendered":"Ap\u00f3s a vit\u00f3ria sobre o Santa Clara (1-0), Diogo Costa recorreu \u00e0s redes sociais para enaltecer o \u00abarranque\u00bb&hellip;\n","protected":false},"author":2,"featured_media":197387,"comment_status":"","ping_status":"","sticky":false,"template":"","format":"standard","meta":{"footnotes":""},"categories":[87],"tags":[135,1380,282,6878,46,10586,462,32,33,47,134],"class_list":{"0":"post-215553","1":"post","2":"type-post","3":"status-publish","4":"format-standard","5":"has-post-thumbnail","7":"category-desporto","8":"tag-desporto","9":"tag-diogo-costa","10":"tag-fc-porto","11":"tag-futebol-clube-do-porto","12":"tag-maisfutebol","13":"tag-mora","14":"tag-porto","15":"tag-portugal","16":"tag-pt","17":"tag-pura-paixao","18":"tag-sports"},"share_on_mastodon":{"url":"https:\/\/pubeurope.com\/@pt\/115841480977606677","error":""},"_links":{"self":[{"href":"https:\/\/www.europesays.com\/pt\/wp-json\/wp\/v2\/posts\/215553","targetHints":{"allow":["GET"]}}],"collection":[{"href":"https:\/\/www.europesays.com\/pt\/wp-json\/wp\/v2\/posts"}],"about":[{"href":"https:\/\/www.europesays.com\/pt\/wp-json\/wp\/v2\/types\/post"}],"author":[{"embeddable":true,"href":"https:\/\/www.europesays.com\/pt\/wp-json\/wp\/v2\/users\/2"}],"replies":[{"embeddable":true,"href":"https:\/\/www.europesays.com\/pt\/wp-json\/wp\/v2\/comments?post=215553"}],"version-history":[{"count":0,"href":"https:\/\/www.europesays.com\/pt\/wp-json\/wp\/v2\/posts\/215553\/revisions"}],"wp:featuredmedia":[{"embeddable":true,"href":"https:\/\/www.europesays.com\/pt\/wp-json\/wp\/v2\/media\/197387"}],"wp:attachment":[{"href":"https:\/\/www.europesays.com\/pt\/wp-json\/wp\/v2\/media?parent=215553"}],"wp:term":[{"taxonomy":"category","embeddable":true,"href":"https:\/\/www.europesays.com\/pt\/wp-json\/wp\/v2\/categories?post=215553"},{"taxonomy":"post_tag","embeddable":true,"href":"https:\/\/www.europesays.com\/pt\/wp-json\/wp\/v2\/tags?post=215553"}],"curies":[{"name":"wp","href":"https:\/\/api.w.org\/{rel}","templated":true}]}}