{"id":215556,"date":"2026-01-05T08:16:12","date_gmt":"2026-01-05T08:16:12","guid":{"rendered":"https:\/\/www.europesays.com\/pt\/215556\/"},"modified":"2026-01-05T08:16:12","modified_gmt":"2026-01-05T08:16:12","slug":"de-professor-de-guitarra-a-guardiao-da-serra-da-lousa-noticias-de-coimbra","status":"publish","type":"post","link":"https:\/\/www.europesays.com\/pt\/215556\/","title":{"rendered":"De professor de guitarra a guardi\u00e3o da Serra da Lous\u00e3 \u2013 Not\u00edcias de Coimbra"},"content":{"rendered":"<p><strong>Na  Serra da Lous\u00e3, onde o sil\u00eancio \u00e9 interrompido apenas pelo vento nas \u00e1rvores e pelo cantar distante dos p\u00e1ssaros, existe uma aldeia de xisto que parece suspensa no tempo.<\/strong> <\/p>\n<p>PUBLICIDADE<\/p>\n<p>\t\t\t\t\t\t<a class=\"publicidade-imagem d-flex justify-content-center\" href=\"https:\/\/web.facebook.com\/mmspabeautycenter\/?_rdc=1&amp;_rdr#\" rel=\"nofollow noopener\" target=\"_blank\"><br \/>\n\t\t\t\t\t\t  <img loading=\"lazy\" width=\"890\" height=\"318\" decoding=\"async\" src=\"https:\/\/www.europesays.com\/pt\/wp-content\/uploads\/2025\/12\/MM-SPA-1.jpg\" alt=\"publicidade\" class=\"img-fluid\"\/><br \/>\n\t\t\t\t\t\t<\/a><\/p>\n<p>Cerdeira \u00e9 hoje habitada permanentemente por uma \u00fanica pessoa. Desde 2001, Ant\u00f3nio Carlos Andrade escolheu este recanto serrano para viver \u2014 e para lhe devolver vida.<\/p>\n<p>A chegada foi quase acidental. \u201cAndava a dar umas voltas pelas terras, vim inscrever-me num curso de agricultura biol\u00f3gica na Lous\u00e3 e conheci a aldeia por acaso. Fiquei\u201d, recorda Ant\u00f3nio. O acaso depressa se transformou em decis\u00e3o: \u201cTive conhecimento de uma propriedade que estava \u00e0 venda e partiu tudo da\u00ed\u201d.<\/p>\n<p>Deixou para tr\u00e1s uma carreira ligada \u00e0 m\u00fasica \u2014 dava aulas de guitarra cl\u00e1ssica \u2014 e trocou as pautas pelos socalcos de montanha. A mudan\u00e7a n\u00e3o foi apenas de profiss\u00e3o, mas de ritmo e de prop\u00f3sito. Na Cerdeira, Ant\u00f3nio encontrou espa\u00e7o para um projeto que alia natureza, tradi\u00e7\u00e3o e futuro: a Planta do Xisto.<\/p>\n<p>O <a href=\"https:\/\/www.noticiasdecoimbra.pt\/antonio-e-o-unico-residente-permanente-da-cerdeira\/\" rel=\"nofollow noopener\" target=\"_blank\">projeto<\/a> \u00e9 um viveiro biol\u00f3gico de plantas arom\u00e1ticas, medicinais e condimentares, onde se cultivam cerca de vinte esp\u00e9cies diferentes, entre elas alecrim, tomilho-lim\u00e3o, hortel\u00e3-pimenta e l\u00facia-lima. Tudo cresce em socalcos de montanha, atrav\u00e9s de m\u00e9todos artesanais e com certifica\u00e7\u00e3o em agricultura biol\u00f3gica, respeitando os ciclos naturais e a identidade do territ\u00f3rio.<\/p>\n<p>Mais do que produzir plantas, Ant\u00f3nio cultiva uma vis\u00e3o. \u201cA aldeia estava praticamente abandonada. Em termos de \u00e1rea agr\u00edcola, estava completamente abandonada\u201d, explica. A Planta do Xisto nasceu, assim, como um gesto de resist\u00eancia silenciosa: uma forma de reconstruir a vida na aldeia, de valorizar a terra e de contrariar o abandono que marca tantas zonas do interior.<\/p>\n<p>Essa liga\u00e7\u00e3o profunda \u00e0 paisagem vai al\u00e9m da agricultura. H\u00e1 mais de vinte anos que Ant\u00f3nio cuida tamb\u00e9m de um bosque de folhosas, preservando um patrim\u00f3nio natural que cresce lentamente, tal como o seu pr\u00f3prio projeto de vida.<\/p>\n","protected":false},"excerpt":{"rendered":"Na Serra da Lous\u00e3, onde o sil\u00eancio \u00e9 interrompido apenas pelo vento nas \u00e1rvores e pelo cantar distante&hellip;\n","protected":false},"author":2,"featured_media":215557,"comment_status":"","ping_status":"","sticky":false,"template":"","format":"standard","meta":{"footnotes":""},"categories":[10],"tags":[27,28,15,16,14,25,26,21,22,12,13,19,20,32,23,24,33,17,18,29,30,31],"class_list":{"0":"post-215556","1":"post","2":"type-post","3":"status-publish","4":"format-standard","5":"has-post-thumbnail","7":"category-portugal","8":"tag-breaking-news","9":"tag-breakingnews","10":"tag-featured-news","11":"tag-featurednews","12":"tag-headlines","13":"tag-latest-news","14":"tag-latestnews","15":"tag-main-news","16":"tag-mainnews","17":"tag-news","18":"tag-noticias","19":"tag-noticias-principais","20":"tag-noticiasprincipais","21":"tag-portugal","22":"tag-principais-noticias","23":"tag-principaisnoticias","24":"tag-pt","25":"tag-top-stories","26":"tag-topstories","27":"tag-ultimas","28":"tag-ultimas-noticias","29":"tag-ultimasnoticias"},"share_on_mastodon":{"url":"https:\/\/pubeurope.com\/@pt\/115841504673014861","error":""},"_links":{"self":[{"href":"https:\/\/www.europesays.com\/pt\/wp-json\/wp\/v2\/posts\/215556","targetHints":{"allow":["GET"]}}],"collection":[{"href":"https:\/\/www.europesays.com\/pt\/wp-json\/wp\/v2\/posts"}],"about":[{"href":"https:\/\/www.europesays.com\/pt\/wp-json\/wp\/v2\/types\/post"}],"author":[{"embeddable":true,"href":"https:\/\/www.europesays.com\/pt\/wp-json\/wp\/v2\/users\/2"}],"replies":[{"embeddable":true,"href":"https:\/\/www.europesays.com\/pt\/wp-json\/wp\/v2\/comments?post=215556"}],"version-history":[{"count":0,"href":"https:\/\/www.europesays.com\/pt\/wp-json\/wp\/v2\/posts\/215556\/revisions"}],"wp:featuredmedia":[{"embeddable":true,"href":"https:\/\/www.europesays.com\/pt\/wp-json\/wp\/v2\/media\/215557"}],"wp:attachment":[{"href":"https:\/\/www.europesays.com\/pt\/wp-json\/wp\/v2\/media?parent=215556"}],"wp:term":[{"taxonomy":"category","embeddable":true,"href":"https:\/\/www.europesays.com\/pt\/wp-json\/wp\/v2\/categories?post=215556"},{"taxonomy":"post_tag","embeddable":true,"href":"https:\/\/www.europesays.com\/pt\/wp-json\/wp\/v2\/tags?post=215556"}],"curies":[{"name":"wp","href":"https:\/\/api.w.org\/{rel}","templated":true}]}}