{"id":215558,"date":"2026-01-05T08:17:11","date_gmt":"2026-01-05T08:17:11","guid":{"rendered":"https:\/\/www.europesays.com\/pt\/215558\/"},"modified":"2026-01-05T08:17:11","modified_gmt":"2026-01-05T08:17:11","slug":"damiano-david-dos-maneskin-anuncia-noivado-pais-da-noiva-vivem-no-bombarral","status":"publish","type":"post","link":"https:\/\/www.europesays.com\/pt\/215558\/","title":{"rendered":"Damiano David, dos M\u00e5neskin, anuncia noivado: pais da noiva vivem no Bombarral"},"content":{"rendered":"<p><strong>Damiano David<\/strong>, vocalista dos italianos M\u00e5neskin, e a atriz e cantora norte-americana <strong>Dove Cameron<\/strong> anunciaram o seu noivado, ap\u00f3s dois anos de namoro.<\/p>\n<p>O an\u00fancio foi feito atrav\u00e9s de numa s\u00e9rie de fotografias tiradas durante o r\u00e9veillon, publicadas por Cameron e depois partilhadas depois por Damiano David.<\/p>\n<p>Os rumores de que Damiano David e Dove Cameron estariam noivos j\u00e1 circulam desde o passado m\u00eas de outubro, quando o casal foi visto a passear pela Austr\u00e1lia, com a atriz a n\u00e3o esconder <strong>um enorme anel na m\u00e3o esquerda<\/strong>.<\/p>\n<p>Os dois conheceram-se na cerim\u00f3nia de 2022 dos MTV Video Music Awards, na qual estiveram ambos nomeados na categoria de Artista Revela\u00e7\u00e3o.<\/p>\n<p>Recorde-se que a atriz tem uma liga\u00e7\u00e3o a Portugal: os seus pais <a href=\"https:\/\/expresso.pt\/blitz\/2025-06-24-damiano-david-os-meus-sogros-moram-no-bombarral-por-isso-gostava-de-voltar-a-portugal-mais-vezes-836a82e1\" target=\"_blank\" rel=\"noopener noreferrer nofollow\">moram atualmente no Bombarral<\/a>.<\/p>\n<p>Aquando da atua\u00e7\u00e3o a solo na edi\u00e7\u00e3o de 2025 do festival Meo Kalorama, em junho passado, o artista revelou em entrevista \u00e0 RFM que os seus futuros sogros moram no Bombarral, \u201cum s\u00edtio muito giro\u201d, afirmando tamb\u00e9m o seu desejo de voltar mais vezes a Portugal.<\/p>\n","protected":false},"excerpt":{"rendered":"Damiano David, vocalista dos italianos M\u00e5neskin, e a atriz e cantora norte-americana Dove Cameron anunciaram o seu noivado,&hellip;\n","protected":false},"author":2,"featured_media":215559,"comment_status":"","ping_status":"","sticky":false,"template":"","format":"standard","meta":{"footnotes":""},"categories":[8],"tags":[27,28,15,16,14,25,26,21,22,12,13,19,20,32,23,24,33,17,18,29,30,31],"class_list":{"0":"post-215558","1":"post","2":"type-post","3":"status-publish","4":"format-standard","5":"has-post-thumbnail","7":"category-principais-noticias","8":"tag-breaking-news","9":"tag-breakingnews","10":"tag-featured-news","11":"tag-featurednews","12":"tag-headlines","13":"tag-latest-news","14":"tag-latestnews","15":"tag-main-news","16":"tag-mainnews","17":"tag-news","18":"tag-noticias","19":"tag-noticias-principais","20":"tag-noticiasprincipais","21":"tag-portugal","22":"tag-principais-noticias","23":"tag-principaisnoticias","24":"tag-pt","25":"tag-top-stories","26":"tag-topstories","27":"tag-ultimas","28":"tag-ultimas-noticias","29":"tag-ultimasnoticias"},"share_on_mastodon":{"url":"https:\/\/pubeurope.com\/@pt\/115841508560007471","error":""},"_links":{"self":[{"href":"https:\/\/www.europesays.com\/pt\/wp-json\/wp\/v2\/posts\/215558","targetHints":{"allow":["GET"]}}],"collection":[{"href":"https:\/\/www.europesays.com\/pt\/wp-json\/wp\/v2\/posts"}],"about":[{"href":"https:\/\/www.europesays.com\/pt\/wp-json\/wp\/v2\/types\/post"}],"author":[{"embeddable":true,"href":"https:\/\/www.europesays.com\/pt\/wp-json\/wp\/v2\/users\/2"}],"replies":[{"embeddable":true,"href":"https:\/\/www.europesays.com\/pt\/wp-json\/wp\/v2\/comments?post=215558"}],"version-history":[{"count":0,"href":"https:\/\/www.europesays.com\/pt\/wp-json\/wp\/v2\/posts\/215558\/revisions"}],"wp:featuredmedia":[{"embeddable":true,"href":"https:\/\/www.europesays.com\/pt\/wp-json\/wp\/v2\/media\/215559"}],"wp:attachment":[{"href":"https:\/\/www.europesays.com\/pt\/wp-json\/wp\/v2\/media?parent=215558"}],"wp:term":[{"taxonomy":"category","embeddable":true,"href":"https:\/\/www.europesays.com\/pt\/wp-json\/wp\/v2\/categories?post=215558"},{"taxonomy":"post_tag","embeddable":true,"href":"https:\/\/www.europesays.com\/pt\/wp-json\/wp\/v2\/tags?post=215558"}],"curies":[{"name":"wp","href":"https:\/\/api.w.org\/{rel}","templated":true}]}}