{"id":215572,"date":"2026-01-05T08:31:08","date_gmt":"2026-01-05T08:31:08","guid":{"rendered":"https:\/\/www.europesays.com\/pt\/215572\/"},"modified":"2026-01-05T08:31:08","modified_gmt":"2026-01-05T08:31:08","slug":"vitor-bruno-no-radar-do-pafos","status":"publish","type":"post","link":"https:\/\/www.europesays.com\/pt\/215572\/","title":{"rendered":"V\u00edtor Bruno no radar do Pafos"},"content":{"rendered":"<p style=\"margin-bottom:11px\">Sem treinar h\u00e1 quase um ano, quando deixou o FC Porto, V\u00edtor Bruno pode estar perto de um regresso ao ativo. O treinador de 43 anos \u00e9 um dos nomes em cima da mesa para assumir o comando do Pafos, noticiou O Jogo e confirmou o <strong>Maisfutebol<\/strong>.<\/p>\n<p>Segundo foi poss\u00edvel apurar, V\u00edtor Bruno j\u00e1 foi sondado pelo campe\u00e3o cipriota para suceder a Juan Carlos Carcedo. O espanhol est\u00e1 de sa\u00edda para os russos do Spartak Moscovo e despediu-se este domingo do Pafos.<\/p>\n<p>A imprensa cipriota tamb\u00e9m coloca Andrea Pirlo na rota do campe\u00e3o daquele pa\u00eds, por ser compatriota do diretor-desportivo e por estar vinculado ao Dubai United, com liga\u00e7\u00f5es aos donos do Pafos.<\/p>\n<p>O Pafos \u00e9 segundo classificado do campeonato do Chipre, com 34 pontos, a dois do l\u00edder Omonia, mas com menos um jogo. Os portugueses Alexandre Brito, Jo\u00e3o Correia, Pep\u00ea Rodrigues e Domingos Quina alinham no clube.<\/p>\n","protected":false},"excerpt":{"rendered":"Sem treinar h\u00e1 quase um ano, quando deixou o FC Porto, V\u00edtor Bruno pode estar perto de um&hellip;\n","protected":false},"author":2,"featured_media":215573,"comment_status":"","ping_status":"","sticky":false,"template":"","format":"standard","meta":{"footnotes":""},"categories":[8],"tags":[27,28,282,15,16,14,25,26,436,21,22,46,40,42,41,12,13,19,20,31382,5909,462,32,23,24,33,47,17,18,35,29,30,31,5539],"class_list":{"0":"post-215572","1":"post","2":"type-post","3":"status-publish","4":"format-standard","5":"has-post-thumbnail","7":"category-principais-noticias","8":"tag-breaking-news","9":"tag-breakingnews","10":"tag-fc-porto","11":"tag-featured-news","12":"tag-featurednews","13":"tag-headlines","14":"tag-latest-news","15":"tag-latestnews","16":"tag-made-in","17":"tag-main-news","18":"tag-mainnews","19":"tag-maisfutebol","20":"tag-maistransferencias","21":"tag-mercado","22":"tag-mercado-de-transferencias","23":"tag-news","24":"tag-noticias","25":"tag-noticias-principais","26":"tag-noticiasprincipais","27":"tag-pafos","28":"tag-pafos-fc","29":"tag-porto","30":"tag-portugal","31":"tag-principais-noticias","32":"tag-principaisnoticias","33":"tag-pt","34":"tag-pura-paixao","35":"tag-top-stories","36":"tag-topstories","37":"tag-transferencias","38":"tag-ultimas","39":"tag-ultimas-noticias","40":"tag-ultimasnoticias","41":"tag-vitor-bruno"},"share_on_mastodon":{"url":"https:\/\/pubeurope.com\/@pt\/115841563608780047","error":""},"_links":{"self":[{"href":"https:\/\/www.europesays.com\/pt\/wp-json\/wp\/v2\/posts\/215572","targetHints":{"allow":["GET"]}}],"collection":[{"href":"https:\/\/www.europesays.com\/pt\/wp-json\/wp\/v2\/posts"}],"about":[{"href":"https:\/\/www.europesays.com\/pt\/wp-json\/wp\/v2\/types\/post"}],"author":[{"embeddable":true,"href":"https:\/\/www.europesays.com\/pt\/wp-json\/wp\/v2\/users\/2"}],"replies":[{"embeddable":true,"href":"https:\/\/www.europesays.com\/pt\/wp-json\/wp\/v2\/comments?post=215572"}],"version-history":[{"count":0,"href":"https:\/\/www.europesays.com\/pt\/wp-json\/wp\/v2\/posts\/215572\/revisions"}],"wp:featuredmedia":[{"embeddable":true,"href":"https:\/\/www.europesays.com\/pt\/wp-json\/wp\/v2\/media\/215573"}],"wp:attachment":[{"href":"https:\/\/www.europesays.com\/pt\/wp-json\/wp\/v2\/media?parent=215572"}],"wp:term":[{"taxonomy":"category","embeddable":true,"href":"https:\/\/www.europesays.com\/pt\/wp-json\/wp\/v2\/categories?post=215572"},{"taxonomy":"post_tag","embeddable":true,"href":"https:\/\/www.europesays.com\/pt\/wp-json\/wp\/v2\/tags?post=215572"}],"curies":[{"name":"wp","href":"https:\/\/api.w.org\/{rel}","templated":true}]}}