{"id":21558,"date":"2025-08-08T19:32:30","date_gmt":"2025-08-08T19:32:30","guid":{"rendered":"https:\/\/www.europesays.com\/pt\/21558\/"},"modified":"2025-08-08T19:32:30","modified_gmt":"2025-08-08T19:32:30","slug":"depois-de-ficar-sem-bracadeira-ter-stegen-tambem-perde-o-numero-no-barcelona","status":"publish","type":"post","link":"https:\/\/www.europesays.com\/pt\/21558\/","title":{"rendered":"Depois de ficar sem bra\u00e7adeira, Ter Stegen tamb\u00e9m perde o n\u00famero no Barcelona"},"content":{"rendered":"<p>A novela entre o Barcelona e Ter Stegen est\u00e1 longe de acabar. Esta sexta-feira, a La Liga (liga espanhola) publicou os n\u00fameros oficiais dos jogadores para a temporada 2025\/26 e o guarda-redes alem\u00e3o encontra-se sem numera\u00e7\u00e3o.<\/p>\n<p><a href=\"https:\/\/maisfutebol.iol.pt\/barcelona\/internacional\/oficial-barcelona-retira-bracadeira-de-capitao-a-ter-stegen\" target=\"_blank\" rel=\"nofollow noopener\">Isto surge na sequ\u00eancia do guarda-redes perder tamb\u00e9m a bra\u00e7adeira de capit\u00e3o<\/a> e ser <a href=\"https:\/\/maisfutebol.iol.pt\/internacional\/barcelona\/barcelona-ter-stegen-sujeito-a-processo-disciplinar\" target=\"_blank\" rel=\"nofollow noopener\">alvo de um processo disciplinar,<\/a> depois de recusar que o clube enviasse o relat\u00f3rio m\u00e9dico da recente cirurgia \u00e0s costas para a liga.<\/p>\n<p>Por outro lado, indiretamente, a liga espanhola confirmou tamb\u00e9m a sa\u00edda de I\u00f1igo Mart\u00ednez para o Al Nassr. O organismo confirmou que Pau Cubars\u00ed ir\u00e1 utilizar o n\u00famero cinco nesta temporada, numera\u00e7\u00e3o que pertencia ao veterano espanhol.<\/p>\n<p>De acordo com a imprensa internacional, I\u00f1igo Mart\u00ednez vai rumar ao Al Nassr de Cristiano Ronaldo, Jorge Jesus e Jo\u00e3o F\u00e9lix.<\/p>\n","protected":false},"excerpt":{"rendered":"A novela entre o Barcelona e Ter Stegen est\u00e1 longe de acabar. Esta sexta-feira, a La Liga (liga&hellip;\n","protected":false},"author":2,"featured_media":21559,"comment_status":"","ping_status":"","sticky":false,"template":"","format":"standard","meta":{"footnotes":""},"categories":[8],"tags":[1235,27,28,7799,640,15,16,14,7797,5705,25,26,21,22,46,12,13,19,20,7798,32,23,24,33,47,7796,17,18,29,30,31],"class_list":{"0":"post-21558","1":"post","2":"type-post","3":"status-publish","4":"format-standard","5":"has-post-thumbnail","7":"category-principais-noticias","8":"tag-barcelona","9":"tag-breaking-news","10":"tag-breakingnews","11":"tag-capitao","12":"tag-espanha","13":"tag-featured-news","14":"tag-featurednews","15":"tag-headlines","16":"tag-inigo-martinez","17":"tag-la-liga","18":"tag-latest-news","19":"tag-latestnews","20":"tag-main-news","21":"tag-mainnews","22":"tag-maisfutebol","23":"tag-news","24":"tag-noticias","25":"tag-noticias-principais","26":"tag-noticiasprincipais","27":"tag-numeros","28":"tag-portugal","29":"tag-principais-noticias","30":"tag-principaisnoticias","31":"tag-pt","32":"tag-pura-paixao","33":"tag-ter-stegen","34":"tag-top-stories","35":"tag-topstories","36":"tag-ultimas","37":"tag-ultimas-noticias","38":"tag-ultimasnoticias"},"share_on_mastodon":{"url":"","error":""},"_links":{"self":[{"href":"https:\/\/www.europesays.com\/pt\/wp-json\/wp\/v2\/posts\/21558","targetHints":{"allow":["GET"]}}],"collection":[{"href":"https:\/\/www.europesays.com\/pt\/wp-json\/wp\/v2\/posts"}],"about":[{"href":"https:\/\/www.europesays.com\/pt\/wp-json\/wp\/v2\/types\/post"}],"author":[{"embeddable":true,"href":"https:\/\/www.europesays.com\/pt\/wp-json\/wp\/v2\/users\/2"}],"replies":[{"embeddable":true,"href":"https:\/\/www.europesays.com\/pt\/wp-json\/wp\/v2\/comments?post=21558"}],"version-history":[{"count":0,"href":"https:\/\/www.europesays.com\/pt\/wp-json\/wp\/v2\/posts\/21558\/revisions"}],"wp:featuredmedia":[{"embeddable":true,"href":"https:\/\/www.europesays.com\/pt\/wp-json\/wp\/v2\/media\/21559"}],"wp:attachment":[{"href":"https:\/\/www.europesays.com\/pt\/wp-json\/wp\/v2\/media?parent=21558"}],"wp:term":[{"taxonomy":"category","embeddable":true,"href":"https:\/\/www.europesays.com\/pt\/wp-json\/wp\/v2\/categories?post=21558"},{"taxonomy":"post_tag","embeddable":true,"href":"https:\/\/www.europesays.com\/pt\/wp-json\/wp\/v2\/tags?post=21558"}],"curies":[{"name":"wp","href":"https:\/\/api.w.org\/{rel}","templated":true}]}}