{"id":215590,"date":"2026-01-05T08:47:15","date_gmt":"2026-01-05T08:47:15","guid":{"rendered":"https:\/\/www.europesays.com\/pt\/215590\/"},"modified":"2026-01-05T08:47:15","modified_gmt":"2026-01-05T08:47:15","slug":"aos-13-anos-filha-de-grazi-massafera-e-caua-reymond-chama-atencao-pela-altura-fotos","status":"publish","type":"post","link":"https:\/\/www.europesays.com\/pt\/215590\/","title":{"rendered":"Aos 13 anos, filha de Grazi Massafera e Cau\u00e3 Reymond chama aten\u00e7\u00e3o pela altura; fotos"},"content":{"rendered":"<p data-start=\"185\" data-end=\"550\">Sofia Massafera Reymond, filha dos atores <a href=\"https:\/\/natelinha.uol.com.br\/famosos\/tudo-sobre\/grazi-massafera\" rel=\"nofollow noopener\" target=\"_blank\">Grazi Massafera<\/a>, 43, e <a href=\"https:\/\/natelinha.uol.com.br\/famosos\/tudo-sobre\/caua-reymond\" rel=\"nofollow noopener\" target=\"_blank\">Cau\u00e3 Reymond<\/a>, 45, chamou aten\u00e7\u00e3o neste domingo (4) ao ser flagrada durante uma noite de compras no bairro do Leblon, na zona sul do Rio de Janeiro.<\/p>\n<p data-start=\"185\" data-end=\"550\">A adolescente, de 13 anos, foi vista circulando por lojas de um shopping da regi\u00e3o, em um registro que repercutiu pela estatura apresentada nas imagens.<\/p>\n<p data-start=\"185\" data-end=\"550\">+\u00a0<a href=\"https:\/\/natelinha.uol.com.br\/series\/2025\/12\/23\/tema-em-alta-aposta-esportiva-sera-retratada-em-serie-de-caua-reymond-235632.php\" target=\"_blank\" rel=\"noopener noreferrer nofollow\">Tema em alta, aposta esportiva ser\u00e1 retratada em s\u00e9rie de Cau\u00e3 Reymond<\/a><\/p>\n<p data-start=\"552\" data-end=\"934\">Nascida em maio de 2012, Sofia apareceu acompanhada em um momento cotidiano, sem eventos p\u00fablicos associados. O que se destacou nas fotos foi a altura da adolescente, que, segundo observa\u00e7\u00f5es recorrentes em registros recentes, j\u00e1 supera os 1,73 metro atribu\u00eddos \u00e0 m\u00e3e, Grazi Massafera. Em diversas apari\u00e7\u00f5es, inclusive sem o uso de salto, Sofia surge mais alta do que a atriz.<\/p>\n<p data-start=\"936\" data-end=\"1243\">A compara\u00e7\u00e3o tamb\u00e9m se estendeu ao pai. Cau\u00e3 Reymond tem cerca de 1,82 metro de altura, e as imagens recentes indicam que ela se aproxima dessa medida. A estatura da adolescente tem sido associada \u00e0 gen\u00e9tica dos pais, ambos com trajet\u00f3ria anterior como modelos antes da consolida\u00e7\u00e3o na carreira art\u00edstica.<\/p>\n<p data-start=\"936\" data-end=\"1243\"><strong>Veja fotos feitas por\u00a0Thiago Martins para a AgNews:<\/strong><\/p>\n<p data-start=\"936\" data-end=\"1243\"><img decoding=\"async\" loading=\"lazy\" class=\"horizontal\" src=\"https:\/\/www.europesays.com\/pt\/wp-content\/uploads\/2026\/01\/sofia-3_887.jpeg\" alt=\"Aos 13 anos, filha de Grazi Massafera e Cau\u00e3 Reymond chama aten\u00e7\u00e3o pela altura; fotos\"\/><img decoding=\"async\" loading=\"lazy\" class=\"horizontal\" src=\"https:\/\/www.europesays.com\/pt\/wp-content\/uploads\/2026\/01\/sofia-2_6135.jpeg\" alt=\"Aos 13 anos, filha de Grazi Massafera e Cau\u00e3 Reymond chama aten\u00e7\u00e3o pela altura; fotos\"\/><img decoding=\"async\" loading=\"lazy\" class=\"horizontal\" src=\"https:\/\/www.europesays.com\/pt\/wp-content\/uploads\/2026\/01\/sofia-1_1887.jpeg\" alt=\"Aos 13 anos, filha de Grazi Massafera e Cau\u00e3 Reymond chama aten\u00e7\u00e3o pela altura; fotos\"\/><\/p>\n<p data-start=\"936\" data-end=\"1243\"><img decoding=\"async\" loading=\"lazy\" class=\"horizontal\" src=\"https:\/\/www.europesays.com\/pt\/wp-content\/uploads\/2026\/01\/sofia_7232.jpeg\" alt=\"Aos 13 anos, filha de Grazi Massafera e Cau\u00e3 Reymond chama aten\u00e7\u00e3o pela altura; fotos\"\/><\/p>\n<p>continua depois da publicidade<\/p>\n<p>Outras apari\u00e7\u00f5es<\/p>\n<p data-start=\"1245\" data-end=\"1535\">O flagrante no Leblon se soma a outras apari\u00e7\u00f5es discretas de Sofia em espa\u00e7os p\u00fablicos. A adolescente costuma ser vista em shows, praias e shoppings, em registros ocasionais. A exposi\u00e7\u00e3o \u00e9 controlada pelos pais, que evitam apari\u00e7\u00f5es frequentes da filha em eventos ou compromissos p\u00fablicos.<\/p>\n<p data-start=\"1245\" data-end=\"1535\">+\u00a0<a href=\"https:\/\/natelinha.uol.com.br\/famosos\/2025\/12\/02\/caua-reymond-detalha-relacao-com-a-filha-mais-madura-que-eu-234714.php\" target=\"_blank\" rel=\"noopener noreferrer nofollow\">Cau\u00e3 Reymond detalha rela\u00e7\u00e3o com a filha: &#8220;Mais madura que eu&#8221;<\/a><\/p>\n<p data-start=\"1537\" data-end=\"1817\">Grazi Massafera e Cau\u00e3 Reymond se separaram em 2013 e mant\u00eam uma rela\u00e7\u00e3o descrita como amig\u00e1vel e cordial em fun\u00e7\u00e3o da cria\u00e7\u00e3o da filha. A jovem vive entre os dois, em um arranjo que prioriza a rotina escolar e familiar, longe de compromissos profissionais ou apari\u00e7\u00f5es programadas.<\/p>\n","protected":false},"excerpt":{"rendered":"Sofia Massafera Reymond, filha dos atores Grazi Massafera, 43, e Cau\u00e3 Reymond, 45, chamou aten\u00e7\u00e3o neste domingo (4)&hellip;\n","protected":false},"author":2,"featured_media":215591,"comment_status":"","ping_status":"","sticky":false,"template":"","format":"standard","meta":{"footnotes":""},"categories":[145],"tags":[1939,211,210,114,115,4375,32,33],"class_list":{"0":"post-215590","1":"post","2":"type-post","3":"status-publish","4":"format-standard","5":"has-post-thumbnail","7":"category-celebridades","8":"tag-caua-reymond","9":"tag-celebridades","10":"tag-celebrities","11":"tag-entertainment","12":"tag-entretenimento","13":"tag-grazi-massafera","14":"tag-portugal","15":"tag-pt"},"share_on_mastodon":{"url":"https:\/\/pubeurope.com\/@pt\/115841626527867804","error":""},"_links":{"self":[{"href":"https:\/\/www.europesays.com\/pt\/wp-json\/wp\/v2\/posts\/215590","targetHints":{"allow":["GET"]}}],"collection":[{"href":"https:\/\/www.europesays.com\/pt\/wp-json\/wp\/v2\/posts"}],"about":[{"href":"https:\/\/www.europesays.com\/pt\/wp-json\/wp\/v2\/types\/post"}],"author":[{"embeddable":true,"href":"https:\/\/www.europesays.com\/pt\/wp-json\/wp\/v2\/users\/2"}],"replies":[{"embeddable":true,"href":"https:\/\/www.europesays.com\/pt\/wp-json\/wp\/v2\/comments?post=215590"}],"version-history":[{"count":0,"href":"https:\/\/www.europesays.com\/pt\/wp-json\/wp\/v2\/posts\/215590\/revisions"}],"wp:featuredmedia":[{"embeddable":true,"href":"https:\/\/www.europesays.com\/pt\/wp-json\/wp\/v2\/media\/215591"}],"wp:attachment":[{"href":"https:\/\/www.europesays.com\/pt\/wp-json\/wp\/v2\/media?parent=215590"}],"wp:term":[{"taxonomy":"category","embeddable":true,"href":"https:\/\/www.europesays.com\/pt\/wp-json\/wp\/v2\/categories?post=215590"},{"taxonomy":"post_tag","embeddable":true,"href":"https:\/\/www.europesays.com\/pt\/wp-json\/wp\/v2\/tags?post=215590"}],"curies":[{"name":"wp","href":"https:\/\/api.w.org\/{rel}","templated":true}]}}