{"id":215598,"date":"2026-01-05T08:58:08","date_gmt":"2026-01-05T08:58:08","guid":{"rendered":"https:\/\/www.europesays.com\/pt\/215598\/"},"modified":"2026-01-05T08:58:08","modified_gmt":"2026-01-05T08:58:08","slug":"dinamarca-exige-fim-de-ameacas-dos-eua-a-gronelandia-observador","status":"publish","type":"post","link":"https:\/\/www.europesays.com\/pt\/215598\/","title":{"rendered":"Dinamarca exige fim de amea\u00e7as dos EUA \u00e0 Gronel\u00e2ndia \u2013 Observador"},"content":{"rendered":"<p>A primeira-ministra da Dinamarca, Mette Frederiksen, exortou este domingo os Estados Unidos (EUA) a pararem com as amea\u00e7as \u201ccontra um aliado hist\u00f3rico\u201d por causa da Gronel\u00e2ndia.<\/p>\n<p>\u201cDevo diz\u00ea-lo muito claramente: \u00c9 absolutamente absurdo dizer que os Estados Unidos devem assumir o controlo da Gronel\u00e2ndia\u201d, afirmou Mette Frederiksen em comunicado.<\/p>\n<p>Em entrevista este domingo \u00e0 revista <a href=\"https:\/\/www.theatlantic.com\/national-security\/2026\/01\/trump-venezuela-maduro-delcy-rodriguez\/685497\/\" rel=\"nofollow noopener\" target=\"_blank\">The Atlantic<\/a>, o Presidente dos Estados Unidos, Donald Trump, <a href=\"https:\/\/observador.pt\/liveblog-partial-admin\/?id=7877389#liveblog-entry-744775-scroll\" rel=\"nofollow noopener\" target=\"_blank\">reafirmou a vontade de anexar o territ\u00f3rio aut\u00f3nomo da Gronel\u00e2ndia<\/a>, que pertence \u00e0 Dinamarca.<\/p>\n<p>\u201cPrecisamos da Gronel\u00e2ndia, com certeza\u201d, disse, descrevendo a ilha como estando \u201crodeada de navios russos e chineses\u201d.<\/p>\n<p>Este domingo, tamb\u00e9m o embaixador da Dinamarca em Washington tinha j\u00e1 apelado ao \u201crespeito total\u201d pela integridade da Gronel\u00e2ndia, depois de Katie Miller, mulher do diretor-adjunto de gabinete da Casa Branca, ter partilhado <a href=\"https:\/\/twitter.com\/KatieMiller\/status\/2007541679293944266\" rel=\"nofollow noopener\" target=\"_blank\">na rede social X<\/a> uma fotografia do territ\u00f3rio aut\u00f3nomo dinamarqu\u00eas com a bandeira norte-americana.<\/p>\n<blockquote class=\"twitter-tweet\" data-width=\"500\" data-dnt=\"true\">\n<p lang=\"en\" dir=\"ltr\">SOON <a href=\"https:\/\/t.co\/XU6VmZxph3\" rel=\"nofollow\">pic.twitter.com\/XU6VmZxph3<\/a><\/p>\n<p>\u2014 Katie Miller (@KatieMiller) <a href=\"https:\/\/twitter.com\/KatieMiller\/status\/2007541679293944266?ref_src=twsrc%5Etfw\" rel=\"nofollow noopener\" target=\"_blank\">January 3, 2026<\/a><\/p>\n<\/blockquote>\n<p>A Gronel\u00e2ndia \u00e9 cobi\u00e7ada por Donald Trump, para grande desagrado da Dinamarca, e as tens\u00f5es entre os dois pa\u00edses foram reativadas pelo an\u00fancio, no final de dezembro, do Presidente norte-americano sobre a nomea\u00e7\u00e3o de um enviado especial para este vasto territ\u00f3rio aut\u00f3nomo dinamarqu\u00eas.<\/p>\n<p>            <script async src=\"https:\/\/platform.twitter.com\/widgets.js\" charset=\"utf-8\"><\/script><\/p>\n","protected":false},"excerpt":{"rendered":"A primeira-ministra da Dinamarca, Mette Frederiksen, exortou este domingo os Estados Unidos (EUA) a pararem com as amea\u00e7as&hellip;\n","protected":false},"author":2,"featured_media":215599,"comment_status":"","ping_status":"","sticky":false,"template":"","format":"standard","meta":{"footnotes":""},"categories":[50],"tags":[624,27,28,4639,623,445,15,16,14,25,26,21,22,62,12,13,19,20,23,24,17,18,29,30,31,63,64,65],"class_list":{"0":"post-215598","1":"post","2":"type-post","3":"status-publish","4":"format-standard","5":"has-post-thumbnail","7":"category-mundo","8":"tag-amu00e9rica","9":"tag-breaking-news","10":"tag-breakingnews","11":"tag-dinamarca","12":"tag-estados-unidos-da-amu00e9rica","13":"tag-europa","14":"tag-featured-news","15":"tag-featurednews","16":"tag-headlines","17":"tag-latest-news","18":"tag-latestnews","19":"tag-main-news","20":"tag-mainnews","21":"tag-mundo","22":"tag-news","23":"tag-noticias","24":"tag-noticias-principais","25":"tag-noticiasprincipais","26":"tag-principais-noticias","27":"tag-principaisnoticias","28":"tag-top-stories","29":"tag-topstories","30":"tag-ultimas","31":"tag-ultimas-noticias","32":"tag-ultimasnoticias","33":"tag-world","34":"tag-world-news","35":"tag-worldnews"},"share_on_mastodon":{"url":"https:\/\/pubeurope.com\/@pt\/115841669688087728","error":""},"_links":{"self":[{"href":"https:\/\/www.europesays.com\/pt\/wp-json\/wp\/v2\/posts\/215598","targetHints":{"allow":["GET"]}}],"collection":[{"href":"https:\/\/www.europesays.com\/pt\/wp-json\/wp\/v2\/posts"}],"about":[{"href":"https:\/\/www.europesays.com\/pt\/wp-json\/wp\/v2\/types\/post"}],"author":[{"embeddable":true,"href":"https:\/\/www.europesays.com\/pt\/wp-json\/wp\/v2\/users\/2"}],"replies":[{"embeddable":true,"href":"https:\/\/www.europesays.com\/pt\/wp-json\/wp\/v2\/comments?post=215598"}],"version-history":[{"count":0,"href":"https:\/\/www.europesays.com\/pt\/wp-json\/wp\/v2\/posts\/215598\/revisions"}],"wp:featuredmedia":[{"embeddable":true,"href":"https:\/\/www.europesays.com\/pt\/wp-json\/wp\/v2\/media\/215599"}],"wp:attachment":[{"href":"https:\/\/www.europesays.com\/pt\/wp-json\/wp\/v2\/media?parent=215598"}],"wp:term":[{"taxonomy":"category","embeddable":true,"href":"https:\/\/www.europesays.com\/pt\/wp-json\/wp\/v2\/categories?post=215598"},{"taxonomy":"post_tag","embeddable":true,"href":"https:\/\/www.europesays.com\/pt\/wp-json\/wp\/v2\/tags?post=215598"}],"curies":[{"name":"wp","href":"https:\/\/api.w.org\/{rel}","templated":true}]}}