{"id":215605,"date":"2026-01-05T09:09:08","date_gmt":"2026-01-05T09:09:08","guid":{"rendered":"https:\/\/www.europesays.com\/pt\/215605\/"},"modified":"2026-01-05T09:09:08","modified_gmt":"2026-01-05T09:09:08","slug":"reage-as-criticas-sobre-a-1a-companhia-da-tvi-vamos-la-ver","status":"publish","type":"post","link":"https:\/\/www.europesays.com\/pt\/215605\/","title":{"rendered":"Reage \u00e0s cr\u00edticas sobre a 1\u00aa Companhia da TVI: \u201cVamos l\u00e1 ver\u2026\u201d"},"content":{"rendered":"<p><strong>Cristina Ferreira <\/strong>e<strong> Cl\u00e1udio Ramos<\/strong> conduziram mais um Dois \u00e0s 10, da TVI no qual receberam <strong>Cinha Jardim, Adriano Silva Martins e Gon\u00e7alo Quinaz<\/strong>, que estiveram presentes para comentar a estreia do reality show \u20181\u00aa Companhia\u2019, que aconteceu no primeiro dia do ano.<\/p>\n<p>A verdade \u00e9 que algumas pessoas, como por exemplo <strong>Ricardo Martins Pereira<\/strong>, pronunciaram-se sobre o facto de os concorrentes do novo reality n\u00e3o serem muito conhecidos. Como tal, foi a vez da \u2018patroa\u2019 da TVI se pronunciar.<\/p>\n<p>\u201cO que tem muita gra\u00e7a\u2026\u201d<\/p>\n<p>\u201cH\u00e1 uma coisa muito engra\u00e7ada. Quando n\u00f3s lan\u00e7amos novos\u00a0realities\u00a0e quando, supostamente, \u00e9 um\u00a0reality\u00a0de famosos, as pessoas ficam muito naquela \u201cningu\u00e9m \u00e9 famoso\u201d, \u201cn\u00e3o conhe\u00e7o ningu\u00e9m\u201d. Vamos l\u00e1 ver, Portugal tamb\u00e9m \u00e9 deste tamanho [exemplificou um gesto de pouca quantidade], tamb\u00e9m temos que ter no\u00e7\u00e3o do pa\u00eds em que estamos\u201d, come\u00e7ou por dizer.<\/p>\n<p>E rematou: \u201cE depois o que tem muita gra\u00e7a, \u00e9 n\u00f3s conhecermos pessoas que est\u00e3o no meio art\u00edstico, que t\u00eam pouca exposi\u00e7\u00e3o e que, de alguma forma, lhes damos espa\u00e7o para que elas possam ser conhecidas\u201d.<\/p>\n<p>Texto: Maria Constan\u00e7a Castanheira; Fotos: Redes Sociais<\/p>\n","protected":false},"excerpt":{"rendered":"Cristina Ferreira e Cl\u00e1udio Ramos conduziram mais um Dois \u00e0s 10, da TVI no qual receberam Cinha Jardim,&hellip;\n","protected":false},"author":2,"featured_media":215606,"comment_status":"","ping_status":"","sticky":false,"template":"","format":"standard","meta":{"footnotes":""},"categories":[85],"tags":[114,115,32,33],"class_list":{"0":"post-215605","1":"post","2":"type-post","3":"status-publish","4":"format-standard","5":"has-post-thumbnail","7":"category-entretenimento","8":"tag-entertainment","9":"tag-entretenimento","10":"tag-portugal","11":"tag-pt"},"share_on_mastodon":{"url":"https:\/\/pubeurope.com\/@pt\/115841713016922910","error":""},"_links":{"self":[{"href":"https:\/\/www.europesays.com\/pt\/wp-json\/wp\/v2\/posts\/215605","targetHints":{"allow":["GET"]}}],"collection":[{"href":"https:\/\/www.europesays.com\/pt\/wp-json\/wp\/v2\/posts"}],"about":[{"href":"https:\/\/www.europesays.com\/pt\/wp-json\/wp\/v2\/types\/post"}],"author":[{"embeddable":true,"href":"https:\/\/www.europesays.com\/pt\/wp-json\/wp\/v2\/users\/2"}],"replies":[{"embeddable":true,"href":"https:\/\/www.europesays.com\/pt\/wp-json\/wp\/v2\/comments?post=215605"}],"version-history":[{"count":0,"href":"https:\/\/www.europesays.com\/pt\/wp-json\/wp\/v2\/posts\/215605\/revisions"}],"wp:featuredmedia":[{"embeddable":true,"href":"https:\/\/www.europesays.com\/pt\/wp-json\/wp\/v2\/media\/215606"}],"wp:attachment":[{"href":"https:\/\/www.europesays.com\/pt\/wp-json\/wp\/v2\/media?parent=215605"}],"wp:term":[{"taxonomy":"category","embeddable":true,"href":"https:\/\/www.europesays.com\/pt\/wp-json\/wp\/v2\/categories?post=215605"},{"taxonomy":"post_tag","embeddable":true,"href":"https:\/\/www.europesays.com\/pt\/wp-json\/wp\/v2\/tags?post=215605"}],"curies":[{"name":"wp","href":"https:\/\/api.w.org\/{rel}","templated":true}]}}