{"id":215611,"date":"2026-01-05T09:13:06","date_gmt":"2026-01-05T09:13:06","guid":{"rendered":"https:\/\/www.europesays.com\/pt\/215611\/"},"modified":"2026-01-05T09:13:06","modified_gmt":"2026-01-05T09:13:06","slug":"psp-diz-que-matou-raptor-em-legitima-defesa-e-e-humilhado-por-juiza","status":"publish","type":"post","link":"https:\/\/www.europesays.com\/pt\/215611\/","title":{"rendered":"PSP diz que matou raptor em leg\u00edtima defesa e \u00e9 &#8220;humilhado&#8221; por ju\u00edza"},"content":{"rendered":"<p>O pol\u00edcia que foi raptado por um casal de assaltantes e obrigado a lev\u00e1-lo at\u00e9 sua casa, onde alcan\u00e7ou a sua arma de servi\u00e7o e matou um deles, recorreu da sua condena\u00e7\u00e3o a 14 anos de pris\u00e3o por homic\u00eddio, insistindo que agiu em &#8220;leg\u00edtima defesa&#8221;. Tamb\u00e9m se queixou se ter sido humilhado, durante o julgamento, pela presidente do coletivo de ju\u00edzes do Tribunal de Lisboa.<\/p>\n","protected":false},"excerpt":{"rendered":"O pol\u00edcia que foi raptado por um casal de assaltantes e obrigado a lev\u00e1-lo at\u00e9 sua casa, onde&hellip;\n","protected":false},"author":2,"featured_media":215612,"comment_status":"","ping_status":"","sticky":false,"template":"","format":"standard","meta":{"footnotes":""},"categories":[10],"tags":[27,28,15,16,14,5564,603,25,26,21,22,12,13,19,20,32,23,24,1306,33,17,18,29,30,31],"class_list":{"0":"post-215611","1":"post","2":"type-post","3":"status-publish","4":"format-standard","5":"has-post-thumbnail","7":"category-portugal","8":"tag-breaking-news","9":"tag-breakingnews","10":"tag-featured-news","11":"tag-featurednews","12":"tag-headlines","13":"tag-homicidio","14":"tag-justica","15":"tag-latest-news","16":"tag-latestnews","17":"tag-main-news","18":"tag-mainnews","19":"tag-news","20":"tag-noticias","21":"tag-noticias-principais","22":"tag-noticiasprincipais","23":"tag-portugal","24":"tag-principais-noticias","25":"tag-principaisnoticias","26":"tag-psp","27":"tag-pt","28":"tag-top-stories","29":"tag-topstories","30":"tag-ultimas","31":"tag-ultimas-noticias","32":"tag-ultimasnoticias"},"share_on_mastodon":{"url":"https:\/\/pubeurope.com\/@pt\/115841728663834669","error":""},"_links":{"self":[{"href":"https:\/\/www.europesays.com\/pt\/wp-json\/wp\/v2\/posts\/215611","targetHints":{"allow":["GET"]}}],"collection":[{"href":"https:\/\/www.europesays.com\/pt\/wp-json\/wp\/v2\/posts"}],"about":[{"href":"https:\/\/www.europesays.com\/pt\/wp-json\/wp\/v2\/types\/post"}],"author":[{"embeddable":true,"href":"https:\/\/www.europesays.com\/pt\/wp-json\/wp\/v2\/users\/2"}],"replies":[{"embeddable":true,"href":"https:\/\/www.europesays.com\/pt\/wp-json\/wp\/v2\/comments?post=215611"}],"version-history":[{"count":0,"href":"https:\/\/www.europesays.com\/pt\/wp-json\/wp\/v2\/posts\/215611\/revisions"}],"wp:featuredmedia":[{"embeddable":true,"href":"https:\/\/www.europesays.com\/pt\/wp-json\/wp\/v2\/media\/215612"}],"wp:attachment":[{"href":"https:\/\/www.europesays.com\/pt\/wp-json\/wp\/v2\/media?parent=215611"}],"wp:term":[{"taxonomy":"category","embeddable":true,"href":"https:\/\/www.europesays.com\/pt\/wp-json\/wp\/v2\/categories?post=215611"},{"taxonomy":"post_tag","embeddable":true,"href":"https:\/\/www.europesays.com\/pt\/wp-json\/wp\/v2\/tags?post=215611"}],"curies":[{"name":"wp","href":"https:\/\/api.w.org\/{rel}","templated":true}]}}