{"id":215621,"date":"2026-01-05T09:23:12","date_gmt":"2026-01-05T09:23:12","guid":{"rendered":"https:\/\/www.europesays.com\/pt\/215621\/"},"modified":"2026-01-05T09:23:12","modified_gmt":"2026-01-05T09:23:12","slug":"palcos-da-semana-mantero-e-lacrima-sob-um-lustre-de-fiama-e-cats-p2","status":"publish","type":"post","link":"https:\/\/www.europesays.com\/pt\/215621\/","title":{"rendered":"Palcos da semana: Mantero e Lacrima sob um Lustre de Fiama e Cats | P2"},"content":{"rendered":"<p>Mantero revisitada<\/p>\n<p dir=\"ltr\">Foi h\u00e1 quase 30 anos que Vera Mantero se lan\u00e7ou \u00e0 Poesia e Selvajaria em que um grupo de int\u00e9rpretes transbordava liberdade individual, corpo aberto, puls\u00f5es e energia em fluxo, como quem \u201chabita um espa\u00e7o de transgress\u00e3o sens\u00edvel (&#8230;) onde se experimentam novas formas de existir e de comunicar, para l\u00e1 da palavra\u201d.<\/p>\n<p dir=\"ltr\">Esta \u00faltima parte da descri\u00e7\u00e3o vem na folha de sala da revisita\u00e7\u00e3o que est\u00e1 prestes a acontecer, no exacto palco da estreia original (na altura, a bordo do Festival Mergulho no Futuro, da Expo\u201998) e com parte do elenco de ent\u00e3o (a pr\u00f3pria Mantero e Nuno Bizarro). \u00c9 o primeiro momento de um retorno a pe\u00e7as emblem\u00e1ticas da bailarina e core\u00f3grafa, a par de Um Estar Aqui Cheio (2001).<\/p>\n<p>Em Braga, s\u00ea rei<\/p>\n<p dir=\"ltr\">Sob o Lustre de Braga, cumpre-se uma ainda jovem mas j\u00e1 bem fincada tradi\u00e7\u00e3o. \u00c9 Noite dos Reis da Bazuuca e isso significa aproveitar a quadra para fazer \u201cuma verdadeira celebra\u00e7\u00e3o da m\u00fasica bracarense\u201d. A sexta edi\u00e7\u00e3o vem bem artilhada para cumprir esse prop\u00f3sito e para, depois do recorde de convivas batido no ano passado, fazer crescer ainda mais o volume dos canhotos de bilhetes vendidos.<\/p>\n<p dir=\"ltr\">Nesta festa com o cunho da ag\u00eancia Bazuuca, Braga \u00e9 rainha. Como \u00e9 da praxe, sobe ao palco \u2014 ali\u00e1s, dois palcos, para al\u00e9m da Sala de Espelhos \u2014 uma comitiva de bandas e artistas que representam a verve da cena bracarense nas mais diversas frentes. A novidade comanda o cartaz, mas a festa n\u00e3o se furta ao gabarito e \u00e0 veteranice de senhores embaixadores da cidade como os M\u00e3o Morta.<\/p>\n<p dir=\"ltr\">Tocam logo no primeiro dia, o mesmo de Cody XV &amp; Tiago Sampaio, Tricla, Palas, Purple Mob, Quadra e, num takeover da Wav.in Records, K\u00fci\u00e3 e Praga. O segundo \u00e9 movido a Tom\u00e1s Alvarenga, Monstro, Navegantes da Rua, Homem em Catarse (com banda), Alcrud3, Travo e uma manga de Dark Sessions a cargo de DJ Princesa e Dingo.<\/p>\n<p>Lacrima real<\/p>\n<p dir=\"ltr\">Da alta-costura que abrilhanta a realeza at\u00e9 \u00e0s m\u00e3os baratas que bordam na \u00cdndia, um vestido n\u00e3o \u00e9 s\u00f3 o que se exibe numa vitrina parisiense. Em Lacrima, a dramaturga e encenadora francesa Caroline Guiela Nguyen (que tamb\u00e9m \u00e9 realizadora) d\u00e1 visibilidade \u00e0s costuras suadas e doridas do processo, \u00e0s pessoas que moldam o sonho, \u00e0 explora\u00e7\u00e3o por detr\u00e1s do luxo.<\/p>\n<p dir=\"ltr\">Em causa est\u00e1 um vestido de noiva encomendado por uma princesa cujo casamento ser\u00e1 hist\u00f3rico, mas em cujas p\u00e1ginas n\u00e3o rezariam, de outra forma, os saberes e segredos das bordadeiras de Bomba\u00edm ou das rendilheiras de Alen\u00e7on. O resultado, a fazer f\u00e9 nas palavras do The Guardian, \u00e9 \u201cum drama \u00e9pico que explora a m\u00e3o-de-obra global e o sofrimento pessoal, com momentos de poder assombroso\u201d.<\/p>\n<p>Fiama \u00e0 Vaga Luz<\/p>\n<p dir=\"ltr\">Na senda de F de Fiama: Mariana Pineda, UmColetivo volta a debru\u00e7ar-se sobre a obra de Fiama Hasse Pais Brand\u00e3o (1938-2007) \u2014 \u201cequilibrada entre a poesia e o teatro, entre o surrealismo e a revolu\u00e7\u00e3o, entre o \u00eaxtase e o estatismo\u201d, assinala \u2014 para propor \u201cum dispositivo especulativo\u201d chamado Vaga Luz.<\/p>\n<p dir=\"ltr\">\u201cQue teatro-futuro, extravasante para dentro do infinito que a chama n\u00e3o apaga, ser\u00e1 este que Fiama n\u00e3o chegou a erguer?\u201d, \u00e9 a pergunta que guia este ensaio baseado no que os arquivos guardam da sua encena\u00e7\u00e3o de Mariana Pineda e nas partituras do compositor Jorge Peixinho.<\/p>\n<p>Sucesso pelos bigodes<\/p>\n<p dir=\"ltr\">Para cima de 50 pa\u00edses visitados, tradu\u00e7\u00f5es para mais de 20 l\u00ednguas e cerca de 77 milh\u00f5es de espectadores acumulados mundo fora. S\u00e3o n\u00fameros como estes que conferem a Cats raz\u00f5es para se autoproclamar \u201co mais famoso musical de sempre\u201d. Aud\u00e1cia felina, \u00e9 certo, mas com outros cr\u00e9ditos para reclamar o t\u00edtulo: sete pr\u00e9mios Tony, a assinatura de Andrew Lloyd Webber, can\u00e7\u00f5es t\u00e3o inesquec\u00edveis como Memory e, na raiz da hist\u00f3ria, poemas de T.S. Elliot.<\/p>\n<p dir=\"ltr\">Por c\u00e1, a trupe de gatos cantores-bailarinos-actores n\u00e3o tem encontrado sen\u00e3o casas cheias. N\u00e3o se espera menos que isso nesta que \u00e9 a quinta passagem por Portugal desta produ\u00e7\u00e3o internacional.<\/p>\n","protected":false},"excerpt":{"rendered":"Mantero revisitada Foi h\u00e1 quase 30 anos que Vera Mantero se lan\u00e7ou \u00e0 Poesia e Selvajaria em que&hellip;\n","protected":false},"author":2,"featured_media":215622,"comment_status":"","ping_status":"","sticky":false,"template":"","format":"standard","meta":{"footnotes":""},"categories":[85],"tags":[1413,3144,114,115,294,150,8219,32,33,291,2387],"class_list":{"0":"post-215621","1":"post","2":"type-post","3":"status-publish","4":"format-standard","5":"has-post-thumbnail","7":"category-entretenimento","8":"tag-cultura-ipsilon","9":"tag-danca","10":"tag-entertainment","11":"tag-entretenimento","12":"tag-lazer","13":"tag-musica","14":"tag-p2","15":"tag-portugal","16":"tag-pt","17":"tag-relaxar","18":"tag-teatro"},"share_on_mastodon":{"url":"https:\/\/pubeurope.com\/@pt\/115841768148883599","error":""},"_links":{"self":[{"href":"https:\/\/www.europesays.com\/pt\/wp-json\/wp\/v2\/posts\/215621","targetHints":{"allow":["GET"]}}],"collection":[{"href":"https:\/\/www.europesays.com\/pt\/wp-json\/wp\/v2\/posts"}],"about":[{"href":"https:\/\/www.europesays.com\/pt\/wp-json\/wp\/v2\/types\/post"}],"author":[{"embeddable":true,"href":"https:\/\/www.europesays.com\/pt\/wp-json\/wp\/v2\/users\/2"}],"replies":[{"embeddable":true,"href":"https:\/\/www.europesays.com\/pt\/wp-json\/wp\/v2\/comments?post=215621"}],"version-history":[{"count":0,"href":"https:\/\/www.europesays.com\/pt\/wp-json\/wp\/v2\/posts\/215621\/revisions"}],"wp:featuredmedia":[{"embeddable":true,"href":"https:\/\/www.europesays.com\/pt\/wp-json\/wp\/v2\/media\/215622"}],"wp:attachment":[{"href":"https:\/\/www.europesays.com\/pt\/wp-json\/wp\/v2\/media?parent=215621"}],"wp:term":[{"taxonomy":"category","embeddable":true,"href":"https:\/\/www.europesays.com\/pt\/wp-json\/wp\/v2\/categories?post=215621"},{"taxonomy":"post_tag","embeddable":true,"href":"https:\/\/www.europesays.com\/pt\/wp-json\/wp\/v2\/tags?post=215621"}],"curies":[{"name":"wp","href":"https:\/\/api.w.org\/{rel}","templated":true}]}}