{"id":215642,"date":"2026-01-05T09:40:13","date_gmt":"2026-01-05T09:40:13","guid":{"rendered":"https:\/\/www.europesays.com\/pt\/215642\/"},"modified":"2026-01-05T09:40:13","modified_gmt":"2026-01-05T09:40:13","slug":"tem-certificados-antigos-fim-do-papel-arranca-hoje-investidor-privado","status":"publish","type":"post","link":"https:\/\/www.europesays.com\/pt\/215642\/","title":{"rendered":"Tem certificados antigos? Fim do papel arranca hoje &#8211; Investidor Privado"},"content":{"rendered":"<p class=\"\">&#13;<br \/>\n        Os certificados de aforro em papel v\u00e3o\u00a0terminar no dia 29 de novembro de 2029. At\u00e9 l\u00e1 os aforristas podem, a partir desta segunda-feira, pedir a convers\u00e3o digital dos t\u00edtulos das s\u00e9ries A, B e D, entregando pessoalmente os t\u00edtulos f\u00edsicos. Em causa est\u00e3o os certificados mais antigos: a\u00a0<strong>s\u00e9rie A<\/strong> foi comercializada entre <strong>abril de 1961 e junho de 1986<\/strong>, a <strong>s\u00e9rie B<\/strong> entre <strong>julho de 1986 e janeiro de 2008<\/strong> e a s\u00e9rie <strong>D<\/strong> entre <strong>2015 e 2017<\/strong>.&#13;\n    <\/p>\n","protected":false},"excerpt":{"rendered":"&#13; Os certificados de aforro em papel v\u00e3o\u00a0terminar no dia 29 de novembro de 2029. At\u00e9 l\u00e1 os&hellip;\n","protected":false},"author":2,"featured_media":215643,"comment_status":"","ping_status":"","sticky":false,"template":"","format":"standard","meta":{"footnotes":""},"categories":[83],"tags":[15564,88,41487,40633,89,90,101,1437,32,33,40604],"class_list":{"0":"post-215642","1":"post","2":"type-post","3":"status-publish","4":"format-standard","5":"has-post-thumbnail","7":"category-empresas","8":"tag-autoridade-tributaria-e-aduaneira","9":"tag-business","10":"tag-ctt-correios-de-portugal","11":"tag-economia-negocios-e-financas","12":"tag-economy","13":"tag-empresas","14":"tag-juros","15":"tag-morte","16":"tag-portugal","17":"tag-pt","18":"tag-seguranca-dos-cidadaos"},"share_on_mastodon":{"url":"https:\/\/pubeurope.com\/@pt\/115841834829171342","error":""},"_links":{"self":[{"href":"https:\/\/www.europesays.com\/pt\/wp-json\/wp\/v2\/posts\/215642","targetHints":{"allow":["GET"]}}],"collection":[{"href":"https:\/\/www.europesays.com\/pt\/wp-json\/wp\/v2\/posts"}],"about":[{"href":"https:\/\/www.europesays.com\/pt\/wp-json\/wp\/v2\/types\/post"}],"author":[{"embeddable":true,"href":"https:\/\/www.europesays.com\/pt\/wp-json\/wp\/v2\/users\/2"}],"replies":[{"embeddable":true,"href":"https:\/\/www.europesays.com\/pt\/wp-json\/wp\/v2\/comments?post=215642"}],"version-history":[{"count":0,"href":"https:\/\/www.europesays.com\/pt\/wp-json\/wp\/v2\/posts\/215642\/revisions"}],"wp:featuredmedia":[{"embeddable":true,"href":"https:\/\/www.europesays.com\/pt\/wp-json\/wp\/v2\/media\/215643"}],"wp:attachment":[{"href":"https:\/\/www.europesays.com\/pt\/wp-json\/wp\/v2\/media?parent=215642"}],"wp:term":[{"taxonomy":"category","embeddable":true,"href":"https:\/\/www.europesays.com\/pt\/wp-json\/wp\/v2\/categories?post=215642"},{"taxonomy":"post_tag","embeddable":true,"href":"https:\/\/www.europesays.com\/pt\/wp-json\/wp\/v2\/tags?post=215642"}],"curies":[{"name":"wp","href":"https:\/\/api.w.org\/{rel}","templated":true}]}}