{"id":215648,"date":"2026-01-05T09:51:04","date_gmt":"2026-01-05T09:51:04","guid":{"rendered":"https:\/\/www.europesays.com\/pt\/215648\/"},"modified":"2026-01-05T09:51:04","modified_gmt":"2026-01-05T09:51:04","slug":"cristina-ferreira-revela-desejo-insolito-que-envolve-manuel-luis-goucha-e-uma-rotunda","status":"publish","type":"post","link":"https:\/\/www.europesays.com\/pt\/215648\/","title":{"rendered":"Cristina Ferreira revela desejo ins\u00f3lito que envolve Manuel Lu\u00eds Goucha&#8230; e uma rotunda!"},"content":{"rendered":"<p>Um sonho \u2018a meias\u2019? <strong>Cristina Ferreira<\/strong> surpreende tudo e todos ao fazer uma revela\u00e7\u00e3o \u00e9pica no Dois \u00c0s 10 sobre um desejo que tinha em conjunto com <strong>Manuel Lu\u00eds Goucha.<\/strong><\/p>\n<p>\u201cEu e o Goucha<strong> tivemos esse sonho a determina altura<\/strong>\u201d, come\u00e7ou por contar, explicando que a ideia, apesar de hoje ser vista com humor, era tudo menos convencional.<\/p>\n<p>\u201cN\u00f3s quer\u00edamos ficar embalsamados numa rotunda do pa\u00eds. Fic\u00e1vamos l\u00e1 dentro de uma caixinha embalsamados\u201d, revelou.<\/p>\n<p>Texto: Maria Constan\u00e7a Castanheira; Fotos: Redes Sociais<\/p>\n<p>\u00a0<\/p>\n<blockquote class=\"wp-embedded-content\" data-secret=\"leIo6bUFQ7\">\n<p><a href=\"https:\/\/www.vip.pt\/manuel-luis-goucha-nao-ve-os-proprios-programas-e-o-motivo-e-surpreendente\" rel=\"nofollow noopener\" target=\"_blank\">N\u00e3o v\u00ea os pr\u00f3prios programas e o motivo \u00e9\u2026 surpreendente!<\/a><\/p>\n<\/blockquote>\n<p>\u00a0<\/p>\n","protected":false},"excerpt":{"rendered":"Um sonho \u2018a meias\u2019? Cristina Ferreira surpreende tudo e todos ao fazer uma revela\u00e7\u00e3o \u00e9pica no Dois \u00c0s&hellip;\n","protected":false},"author":2,"featured_media":213732,"comment_status":"","ping_status":"","sticky":false,"template":"","format":"standard","meta":{"footnotes":""},"categories":[142],"tags":[114,115,32,33,151],"class_list":{"0":"post-215648","1":"post","2":"type-post","3":"status-publish","4":"format-standard","5":"has-post-thumbnail","7":"category-tv","8":"tag-entertainment","9":"tag-entretenimento","10":"tag-portugal","11":"tag-pt","12":"tag-tv"},"share_on_mastodon":{"url":"https:\/\/pubeurope.com\/@pt\/115841878109213374","error":""},"_links":{"self":[{"href":"https:\/\/www.europesays.com\/pt\/wp-json\/wp\/v2\/posts\/215648","targetHints":{"allow":["GET"]}}],"collection":[{"href":"https:\/\/www.europesays.com\/pt\/wp-json\/wp\/v2\/posts"}],"about":[{"href":"https:\/\/www.europesays.com\/pt\/wp-json\/wp\/v2\/types\/post"}],"author":[{"embeddable":true,"href":"https:\/\/www.europesays.com\/pt\/wp-json\/wp\/v2\/users\/2"}],"replies":[{"embeddable":true,"href":"https:\/\/www.europesays.com\/pt\/wp-json\/wp\/v2\/comments?post=215648"}],"version-history":[{"count":0,"href":"https:\/\/www.europesays.com\/pt\/wp-json\/wp\/v2\/posts\/215648\/revisions"}],"wp:featuredmedia":[{"embeddable":true,"href":"https:\/\/www.europesays.com\/pt\/wp-json\/wp\/v2\/media\/213732"}],"wp:attachment":[{"href":"https:\/\/www.europesays.com\/pt\/wp-json\/wp\/v2\/media?parent=215648"}],"wp:term":[{"taxonomy":"category","embeddable":true,"href":"https:\/\/www.europesays.com\/pt\/wp-json\/wp\/v2\/categories?post=215648"},{"taxonomy":"post_tag","embeddable":true,"href":"https:\/\/www.europesays.com\/pt\/wp-json\/wp\/v2\/tags?post=215648"}],"curies":[{"name":"wp","href":"https:\/\/api.w.org\/{rel}","templated":true}]}}