{"id":215653,"date":"2026-01-05T09:57:10","date_gmt":"2026-01-05T09:57:10","guid":{"rendered":"https:\/\/www.europesays.com\/pt\/215653\/"},"modified":"2026-01-05T09:57:10","modified_gmt":"2026-01-05T09:57:10","slug":"melhor-telemovel-qualidade-preco-em-2026-a-xiaomi-ja-esta-a-cozinhar","status":"publish","type":"post","link":"https:\/\/www.europesays.com\/pt\/215653\/","title":{"rendered":"Melhor telem\u00f3vel qualidade-pre\u00e7o em 2026? A Xiaomi j\u00e1 est\u00e1 a &#8216;cozinhar&#8217;"},"content":{"rendered":"<p class=\"leading\">\n                O sucessor de um dos maiores sucessos da Xiaomi prepara-se para chegar ao mercado global.            <\/p>\n<p class=\"article-image \"><img decoding=\"async\" alt=\"xiaomi\" height=\"900\" src=\"https:\/\/www.europesays.com\/pt\/wp-content\/uploads\/2026\/01\/xiaomi-poco-x7-pro-apps-1.jpg\" width=\"1600\" fetchpriority=\"high\"\/><\/p>\n<p><a href=\"https:\/\/whatsapp.com\/channel\/0029Va54F7B7j6gBNXobAM16\" rel=\"nofollow noopener\" class=\"banner-deals mb20 banner-deals-rotation banner-deals-rotation--whatsapp\" target=\"_blank\"><\/p>\n<p>        Entra no nosso canal Whatsapp<br \/>e recebe as melhores ofertas<\/p>\n<p>        ENTRAR\n    <\/p>\n<p><\/a><\/p>\n<p>O mercado dos smartphones de gama m\u00e9dia est\u00e1 prestes a receber um novo protagonista. O Poco X8 Pro, identificado pelo n\u00famero de modelo <strong>2511FPC34G<\/strong>, acaba de ultrapassar com sucesso a certifica\u00e7\u00e3o SDPPI na Indon\u00e9sia. Este \u00e9 o mais recente passo burocr\u00e1tico que j\u00e1 incluiu aprova\u00e7\u00f5es na Europa pela EEC, na \u00cdndia pela BIS e tamb\u00e9m pela SGS.<\/p>\n<p>Isto indica que o lan\u00e7amento oficial est\u00e1 iminente e a estrat\u00e9gia da Xiaomi para este dispositivo parece seguir a linha dos anos anteriores. Tudo indica que o <strong>Poco X8 Pro ser\u00e1 uma vers\u00e3o renomeada do Redmi Turbo 5<\/strong>, modelo que dever\u00e1 ser apresentado na China ainda durante este m\u00eas.<\/p>\n<p>Esta \u00e9 uma abordagem que te ser\u00e1 familiar, uma vez que o Poco X7 Pro foi essencialmente uma vers\u00e3o global do Redmi Turbo 4. Podes recordar o impacto que esse modelo teve no nosso mercado atrav\u00e9s da nossa <a href=\"https:\/\/4gnews.pt\/xiaomi-poco-x7-pro-review\/\" rel=\"nofollow noopener\" target=\"_blank\">review completa ao Poco X8 Pro<\/a>.<\/p>\n<p>O que esperar do Poco X8 Pro<\/p>\n<p>As fugas de informa\u00e7\u00e3o sobre as especifica\u00e7\u00f5es t\u00e9cnicas prometem um salto qualitativo interessante. O Poco X8 Pro dever\u00e1 contar com um ecr\u00e3 OLED de resolu\u00e7\u00e3o 1,5K com tecnologia LTPS. No interior, o processador escolhido dever\u00e1 ser o MediaTek Dimensity 8500. Outro destaque ser\u00e1 a bateria massiva de 6500 mAh, acompanhada por um sistema de carregamento r\u00e1pido de 100 W.<\/p>\n<p>No campo do software, o dispositivo dever\u00e1 chegar j\u00e1 com o Android 16, servindo de base para a interface HyperOS 3 da Xiaomi. Uma das novidades mais curiosas deste ano \u00e9 a possibilidade de a marca abdicar do modelo base. Em vez disso, a gama poder\u00e1 ser composta pelo Poco X8 Pro e por um in\u00e9dito Poco X8 Pro Max, que seria a vers\u00e3o global do Redmi Turbo 5 Pro equipado com o chip Dimensity 9500e.<\/p>\n<p>Este lan\u00e7amento da Poco \u00e9 importante para quem procura os <a href=\"https:\/\/4gnews.pt\/melhores-telemoveis-qualidade-preco-para-comprar\/\" rel=\"nofollow noopener\" target=\"_blank\">melhores telem\u00f3veis qualidade-pre\u00e7o para comprar em 2026<\/a>, j\u00e1 que estes modelos costumam ter hardware de topo a pre\u00e7os muito competitivos em Portugal. Com a acumula\u00e7\u00e3o de certifica\u00e7\u00f5es em v\u00e1rias regi\u00f5es, \u00e9 de esperar que o an\u00fancio oficial para os mercados globais ocorra muito em breve, possivelmente nas pr\u00f3ximas semanas.<\/p>\n<p><a href=\"https:\/\/amzn.to\/49rvJTB\" target=\"_blank\" rel=\"nofollow noreferrer noopener\"><img decoding=\"async\" alt=\"Poco X7 Pro\" height=\"488\" width=\"650\" class=\"lazyload\" src=\"https:\/\/www.europesays.com\/pt\/wp-content\/uploads\/2025\/08\/81l4mbrsebl-ac-sl1500.jpg\" loading=\"lazy\"\/><\/a><\/p>\n<p class=\"inline-related-title\">Editores 4gnews recomendam:<\/p>\n","protected":false},"excerpt":{"rendered":"O sucessor de um dos maiores sucessos da Xiaomi prepara-se para chegar ao mercado global. Entra no nosso&hellip;\n","protected":false},"author":2,"featured_media":215654,"comment_status":"","ping_status":"","sticky":false,"template":"","format":"standard","meta":{"footnotes":""},"categories":[84],"tags":[109,107,108,32,33,105,103,104,106,110],"class_list":{"0":"post-215653","1":"post","2":"type-post","3":"status-publish","4":"format-standard","5":"has-post-thumbnail","7":"category-ciencia-e-tecnologia","8":"tag-ciencia","9":"tag-ciencia-e-tecnologia","10":"tag-cienciaetecnologia","11":"tag-portugal","12":"tag-pt","13":"tag-science","14":"tag-science-and-technology","15":"tag-scienceandtechnology","16":"tag-technology","17":"tag-tecnologia"},"share_on_mastodon":{"url":"","error":""},"_links":{"self":[{"href":"https:\/\/www.europesays.com\/pt\/wp-json\/wp\/v2\/posts\/215653","targetHints":{"allow":["GET"]}}],"collection":[{"href":"https:\/\/www.europesays.com\/pt\/wp-json\/wp\/v2\/posts"}],"about":[{"href":"https:\/\/www.europesays.com\/pt\/wp-json\/wp\/v2\/types\/post"}],"author":[{"embeddable":true,"href":"https:\/\/www.europesays.com\/pt\/wp-json\/wp\/v2\/users\/2"}],"replies":[{"embeddable":true,"href":"https:\/\/www.europesays.com\/pt\/wp-json\/wp\/v2\/comments?post=215653"}],"version-history":[{"count":0,"href":"https:\/\/www.europesays.com\/pt\/wp-json\/wp\/v2\/posts\/215653\/revisions"}],"wp:featuredmedia":[{"embeddable":true,"href":"https:\/\/www.europesays.com\/pt\/wp-json\/wp\/v2\/media\/215654"}],"wp:attachment":[{"href":"https:\/\/www.europesays.com\/pt\/wp-json\/wp\/v2\/media?parent=215653"}],"wp:term":[{"taxonomy":"category","embeddable":true,"href":"https:\/\/www.europesays.com\/pt\/wp-json\/wp\/v2\/categories?post=215653"},{"taxonomy":"post_tag","embeddable":true,"href":"https:\/\/www.europesays.com\/pt\/wp-json\/wp\/v2\/tags?post=215653"}],"curies":[{"name":"wp","href":"https:\/\/api.w.org\/{rel}","templated":true}]}}