{"id":215676,"date":"2026-01-05T10:24:11","date_gmt":"2026-01-05T10:24:11","guid":{"rendered":"https:\/\/www.europesays.com\/pt\/215676\/"},"modified":"2026-01-05T10:24:11","modified_gmt":"2026-01-05T10:24:11","slug":"infestacao-do-mosquito-da-dengue-esta-em-nivel-de-alerta-em-porto-alegre","status":"publish","type":"post","link":"https:\/\/www.europesays.com\/pt\/215676\/","title":{"rendered":"Infesta\u00e7\u00e3o do mosquito da dengue est\u00e1 em n\u00edvel de alerta em Porto Alegre"},"content":{"rendered":"<p>Com os dias de altas temperaturas e as chuvas de ver\u00e3o, Porto Alegre volta a exigir <a href=\"https:\/\/www.correiodopovo.com.br\/topicos\/Tag\/dengue\" target=\"_blank\" rel=\"nofollow noopener\"><strong>aten\u00e7\u00e3o para a dengue<\/strong><\/a>, considerando que o calor e a \u00e1gua parada criam condi\u00e7\u00f5es para a prolifera\u00e7\u00e3o do mosquito Aedes aegypti. De acordo com a <a href=\"https:\/\/www.correiodopovo.com.br\/topicos\/Tag\/Secretaria%20Municipal%20da%20Sa%C3%BAde\" target=\"_blank\" rel=\"nofollow noopener\"><strong>Secretaria Municipal da Sa\u00fade (SMS)<\/strong><\/a>, entre os dias 21 e 28 de dezembro, na semana epidemiol\u00f3gica 52, o \u00cdndice M\u00e9dio de F\u00eameas Adultas de Aedes aegypti (IMFA) esteve no n\u00edvel de alerta, com<strong> \u00edndice de 0,47<\/strong>.<\/p>\n<p>Foram coletadas, nesse per\u00edodo, f\u00eameas em <strong>168 armadilhas das 518 vistoriadas, representando 32,43%<\/strong> das armadilhas positivas para o mosquito. A ferramenta de monitoramento mede o n\u00edvel de infesta\u00e7\u00e3o do mosquito Aedes aegypti na Capital \u2013 ou seja, as f\u00eameas capturadas em armadilhas espalhadas pela cidade, buscando prever o risco de transmiss\u00e3o da dengue e guiando as a\u00e7\u00f5es de controle vetorial e alerta \u00e0 popula\u00e7\u00e3o.<\/p>\n<p><img decoding=\"async\" class=\"delayed-image-load\" src=\"https:\/\/www.europesays.com\/pt\/wp-content\/uploads\/2026\/01\/02012026-focos-mosquitos-1285.jpg\" data-alt=\"Potenciais nascedouros do mosquito Aedes Aegypti | Rua Graciano Camozzato, no bairro Farrapos\" data-title=\"Potenciais nascedouros do mosquito Aedes Aegypti | Rua Graciano Camozzato, no bairro Farrapos\"\/><\/p>\n<p>  Potenciais nascedouros do mosquito Aedes Aegypti | Rua Graciano Camozzato, no bairro Farrapos<br \/>\n  | Foto: Camila Cunha<\/p>\n<p><img decoding=\"async\" src=\"data:image\/gif;base64,R0lGODlhAQABAPABAP\/\/\/wAAACH5BAEKAAAALAAAAAABAAEAAAICRAEAOw==\" style=\"height:15px; width:15px\" title=\"Click e arraste para mover\"\/><\/p>\n<p>Ainda que os casos n\u00e3o estejam altos \u2013<strong> foram confirmados seis casos nas \u00faltimas tr\u00eas semanas<\/strong> epidemiol\u00f3gicas \u2013, bairros com alto IMFA <strong>superior a 0,6 indicam risco elevado de transmiss\u00e3o<\/strong>. Dos 46 bairros de Porto Alegre, at\u00e9 o dia 27 de dezembro, <strong>12 foram registrados com estado cr\u00edtico<\/strong>. S\u00e3o eles: Apar\u00edcio Borges, Azenha, Bom Jesus, Costa e Silva, Jardim Leopoldina, Medianeira, Mont Serrat, Nonoai, Partenon, Passo das Pedras, Rubem Berta e Santa Rosa de Lima.<\/p>\n<p>Em outros locais, tamb\u00e9m foram registados pela reportagem vetores para o mosquito. No bairro Higien\u00f3polis, em frente ao Cemit\u00e9rio Municipal S\u00e3o Jo\u00e3o, foi encontrados pontos de descarte de lixo e recipientes com \u00e1gua parada. Na rua Graciano Camozzato, no bairro Farrapos, tamb\u00e9m foram encontrados lixos irregulares pr\u00f3ximo \u00e0 \u00e1gua parada da galeria Canal da Camozatto. O antigo est\u00e1dio Ol\u00edmpico tamb\u00e9m \u00e9 um ponto de preocupa\u00e7\u00e3o no bairro Azenha, entre as regi\u00f5es com incid\u00eancia de casos de dengue.<\/p>\n<p><img decoding=\"async\" class=\"delayed-image-load\" src=\"https:\/\/www.europesays.com\/pt\/wp-content\/uploads\/2026\/01\/02012026-focos-mosquitos-1237.jpg\" data-alt=\"Potenciais nascedouros do mosquito Aedes Aegypti | \u00c1rea verde em frente ao Cemit\u00e9rio Municipal S\u00e3o Jo\u00e3o\" data-title=\"Potenciais nascedouros do mosquito Aedes Aegypti | \u00c1rea verde em frente ao Cemit\u00e9rio Municipal S\u00e3o Jo\u00e3o\"\/><\/p>\n<p>  Potenciais nascedouros do mosquito Aedes Aegypti | \u00c1rea verde em frente ao Cemit\u00e9rio Municipal S\u00e3o Jo\u00e3o<br \/>\n  | Foto: Camila Cunha<\/p>\n<p>Veja Tamb\u00e9m<\/p>\n<p>Dados do painel das arboviroses indicam que foram <strong>mais de 22 mil casos confirmados em 2025<\/strong>, e 25 \u00f3bitos. J\u00e1 em 2024, foram 17 mil casos. O subtipo viral predominante nos surtos e epidemias de dengue em Porto Alegre \u00e9 o DENV1, mas, <strong>no ano passado, foram identificados dois casos importados de DENV3<\/strong>.<\/p>\n<p>A Secretaria da Sa\u00fade elaborou um <a href=\"https:\/\/prefeitura.poa.br\/sites\/default\/files\/usu_doc\/sites\/sms\/2026_Plano_Municipal_de_Contingencia_Arboviroses.docx_0.pdf\" target=\"_blank\" rel=\"nofollow noopener\"><strong>Plano de Conting\u00eancia para a dengue para 2026<\/strong><\/a>. Na aplica\u00e7\u00e3o, ser\u00e3o realizadas atividades espec\u00edficas a serem implementadas em quatro est\u00e1gios operacionais, conforme o Plano de Conting\u00eancia Nacional: <strong>normalidade, mobiliza\u00e7\u00e3o, alerta e situa\u00e7\u00e3o de epidemia<\/strong>.<\/p>\n<p>No est\u00e1gio de normalidade, a prepara\u00e7\u00e3o deve ser iniciada no per\u00edodo intersazonal ou interepid\u00eamico. As a\u00e7\u00f5es setoriais de prepara\u00e7\u00e3o para enfrentamento \u00e0s arboviroses envolvem <strong>gest\u00e3o, vigil\u00e2ncia epidemiol\u00f3gica e laboratorial, manejo integrado de vetores, rede de assist\u00eancia, comunica\u00e7\u00e3o e participa\u00e7\u00e3o comunit\u00e1ria.<\/strong><\/p>\n<p><img decoding=\"async\" class=\"delayed-image-load\" src=\"https:\/\/www.europesays.com\/pt\/wp-content\/uploads\/2026\/01\/02012026-focos-mosquitos-1269.jpg\" data-alt=\"Potenciais nascedouros do mosquito Aedes Aegypti | O antigo est\u00e1dio Ol\u00edmpico \u00e9 um ponto de preocupa\u00e7\u00e3o no bairro Azenha, uma das regi\u00f5es com mais incid\u00eancia de casos de dengue em Porto Alegre\" data-title=\"Potenciais nascedouros do mosquito Aedes Aegypti | O antigo est\u00e1dio Ol\u00edmpico \u00e9 um ponto de preocupa\u00e7\u00e3o no bairro Azenha, uma das regi\u00f5es com mais incid\u00eancia de casos de dengue em Porto Alegre\"\/><\/p>\n<p>  Potenciais nascedouros do mosquito Aedes Aegypti | O antigo est\u00e1dio Ol\u00edmpico \u00e9 um ponto de preocupa\u00e7\u00e3o no bairro Azenha, uma das regi\u00f5es com mais incid\u00eancia de casos de dengue em Porto Alegre<br \/>\n  | Foto: Camila Cunha<\/p>\n","protected":false},"excerpt":{"rendered":"Com os dias de altas temperaturas e as chuvas de ver\u00e3o, Porto Alegre volta a exigir aten\u00e7\u00e3o para&hellip;\n","protected":false},"author":2,"featured_media":215677,"comment_status":"","ping_status":"","sticky":false,"template":"","format":"standard","meta":{"footnotes":""},"categories":[86],"tags":[1891,116,4677,32,33,117],"class_list":{"0":"post-215676","1":"post","2":"type-post","3":"status-publish","4":"format-standard","5":"has-post-thumbnail","7":"category-saude","8":"tag-dengue","9":"tag-health","10":"tag-porto-alegre","11":"tag-portugal","12":"tag-pt","13":"tag-saude"},"share_on_mastodon":{"url":"https:\/\/pubeurope.com\/@pt\/115842007915449901","error":""},"_links":{"self":[{"href":"https:\/\/www.europesays.com\/pt\/wp-json\/wp\/v2\/posts\/215676","targetHints":{"allow":["GET"]}}],"collection":[{"href":"https:\/\/www.europesays.com\/pt\/wp-json\/wp\/v2\/posts"}],"about":[{"href":"https:\/\/www.europesays.com\/pt\/wp-json\/wp\/v2\/types\/post"}],"author":[{"embeddable":true,"href":"https:\/\/www.europesays.com\/pt\/wp-json\/wp\/v2\/users\/2"}],"replies":[{"embeddable":true,"href":"https:\/\/www.europesays.com\/pt\/wp-json\/wp\/v2\/comments?post=215676"}],"version-history":[{"count":0,"href":"https:\/\/www.europesays.com\/pt\/wp-json\/wp\/v2\/posts\/215676\/revisions"}],"wp:featuredmedia":[{"embeddable":true,"href":"https:\/\/www.europesays.com\/pt\/wp-json\/wp\/v2\/media\/215677"}],"wp:attachment":[{"href":"https:\/\/www.europesays.com\/pt\/wp-json\/wp\/v2\/media?parent=215676"}],"wp:term":[{"taxonomy":"category","embeddable":true,"href":"https:\/\/www.europesays.com\/pt\/wp-json\/wp\/v2\/categories?post=215676"},{"taxonomy":"post_tag","embeddable":true,"href":"https:\/\/www.europesays.com\/pt\/wp-json\/wp\/v2\/tags?post=215676"}],"curies":[{"name":"wp","href":"https:\/\/api.w.org\/{rel}","templated":true}]}}