{"id":215688,"date":"2026-01-05T10:40:10","date_gmt":"2026-01-05T10:40:10","guid":{"rendered":"https:\/\/www.europesays.com\/pt\/215688\/"},"modified":"2026-01-05T10:40:10","modified_gmt":"2026-01-05T10:40:10","slug":"o-topo-de-gama-de-fotografia-chega-mais-cedo-com-200-mp","status":"publish","type":"post","link":"https:\/\/www.europesays.com\/pt\/215688\/","title":{"rendered":"o topo de gama de fotografia chega mais cedo com 200 MP"},"content":{"rendered":"<p>A Huawei parece estar com pressa para mostrar ao mundo a sua pr\u00f3xima revolu\u00e7\u00e3o fotogr\u00e1fica. Novos rumores indicam que a gigante tecnol\u00f3gica vai antecipar o lan\u00e7amento da sua s\u00e9rie <strong>Pura 90<\/strong>, a linha focada na est\u00e9tica e na imagem, para o m\u00eas de <strong>maio de 2026<\/strong>.<\/p>\n<p>Esta altera\u00e7\u00e3o de calend\u00e1rio coloca a estreia um m\u00eas antes do que aconteceu com a gera\u00e7\u00e3o anterior (a s\u00e9rie Pura 80 foi lan\u00e7ada em junho de 2025). Embora alguns rumores iniciais apontassem para abril, a nova data de maio parece ser o consenso para a chegada destes dispositivos que prometem atingir o \u201cpin\u00e1culo da imagem m\u00f3vel\u201d.<\/p>\n<p><img fetchpriority=\"high\" decoding=\"async\" width=\"1200\" height=\"675\" src=\"https:\/\/www.europesays.com\/pt\/wp-content\/uploads\/2026\/01\/Huawei-Pura-80-Ultra-design-1200x675.webp.webp\" alt=\"Huawei pura 80 ultra design\" class=\"wp-image-159677\" title=\"Huawei Pura 80 Ultra design TecheNet\"  \/><\/p>\n<p>A entrada na era dos 200 MP<\/p>\n<p>A grande novidade t\u00e9cnica \u00e9 a ades\u00e3o da Huawei \u00e0 tend\u00eancia dos sensores de ultra-alta resolu\u00e7\u00e3o. A s\u00e9rie Pura 90 dever\u00e1 marcar a estreia da marca no uso de <strong>c\u00e2maras de 200 megapix\u00e9is<\/strong>.<\/p>\n<p>Historicamente, a Huawei tem preferido focar-se na qualidade dos sensores e nos filtros de cor (como o RYYB) em vez da contagem bruta de p\u00edxeis. Esta mudan\u00e7a de estrat\u00e9gia sugere que a empresa encontrou uma forma de combinar a resolu\u00e7\u00e3o extrema com os seus algoritmos de processamento de imagem propriet\u00e1rios para criar algo \u00fanico.<\/p>\n<p><img loading=\"lazy\" decoding=\"async\" width=\"1024\" height=\"557\" src=\"https:\/\/www.europesays.com\/pt\/wp-content\/uploads\/2026\/01\/image-4.png\" alt=\"Image 4\" class=\"wp-image-164245\" title=\"image 4 TecheNet\"  \/><\/p>\n<p>Zoom duplo e o \u201ctwist\u201d na macro<\/p>\n<p>Para al\u00e9m da resolu\u00e7\u00e3o, a Huawei est\u00e1 a trabalhar numa evolu\u00e7\u00e3o do seu conceito de <strong>c\u00e2mara com zoom duplo<\/strong>. A nova configura\u00e7\u00e3o dever\u00e1 estabelecer um novo padr\u00e3o para a <strong>fotografia macro<\/strong>, permitindo capturar detalhes microsc\u00f3picos com uma nitidez in\u00e9dita.<\/p>\n<p>A combina\u00e7\u00e3o de atualiza\u00e7\u00f5es de hardware (novos sensores e lentes) com algoritmos de software avan\u00e7ados continua a ser a f\u00f3rmula da Huawei para se diferenciar num mercado saturado.<\/p>\n<p>Outra implementa\u00e7\u00e3o aguardada \u00e9 o <strong>reconhecimento facial 3D<\/strong>, que poder\u00e1 finalmente chegar \u00e0 s\u00e9rie Pura, elevando a seguran\u00e7a biom\u00e9trica ao n\u00edvel da s\u00e9rie Mate.<\/p>\n<p>Com um lan\u00e7amento previsto para o segundo trimestre, a Huawei Pura 90 est\u00e1 a posicionar-se para ser a c\u00e2mara que faz chamadas mais desejada de 2026.<\/p>\n<p><strong>Outros artigos interessantes:<\/strong><\/p>\n","protected":false},"excerpt":{"rendered":"A Huawei parece estar com pressa para mostrar ao mundo a sua pr\u00f3xima revolu\u00e7\u00e3o fotogr\u00e1fica. Novos rumores indicam&hellip;\n","protected":false},"author":2,"featured_media":215689,"comment_status":"","ping_status":"","sticky":false,"template":"","format":"standard","meta":{"footnotes":""},"categories":[84],"tags":[109,107,108,32,33,105,103,104,106,110],"class_list":{"0":"post-215688","1":"post","2":"type-post","3":"status-publish","4":"format-standard","5":"has-post-thumbnail","7":"category-ciencia-e-tecnologia","8":"tag-ciencia","9":"tag-ciencia-e-tecnologia","10":"tag-cienciaetecnologia","11":"tag-portugal","12":"tag-pt","13":"tag-science","14":"tag-science-and-technology","15":"tag-scienceandtechnology","16":"tag-technology","17":"tag-tecnologia"},"share_on_mastodon":{"url":"https:\/\/pubeurope.com\/@pt\/115842070970981279","error":""},"_links":{"self":[{"href":"https:\/\/www.europesays.com\/pt\/wp-json\/wp\/v2\/posts\/215688","targetHints":{"allow":["GET"]}}],"collection":[{"href":"https:\/\/www.europesays.com\/pt\/wp-json\/wp\/v2\/posts"}],"about":[{"href":"https:\/\/www.europesays.com\/pt\/wp-json\/wp\/v2\/types\/post"}],"author":[{"embeddable":true,"href":"https:\/\/www.europesays.com\/pt\/wp-json\/wp\/v2\/users\/2"}],"replies":[{"embeddable":true,"href":"https:\/\/www.europesays.com\/pt\/wp-json\/wp\/v2\/comments?post=215688"}],"version-history":[{"count":0,"href":"https:\/\/www.europesays.com\/pt\/wp-json\/wp\/v2\/posts\/215688\/revisions"}],"wp:featuredmedia":[{"embeddable":true,"href":"https:\/\/www.europesays.com\/pt\/wp-json\/wp\/v2\/media\/215689"}],"wp:attachment":[{"href":"https:\/\/www.europesays.com\/pt\/wp-json\/wp\/v2\/media?parent=215688"}],"wp:term":[{"taxonomy":"category","embeddable":true,"href":"https:\/\/www.europesays.com\/pt\/wp-json\/wp\/v2\/categories?post=215688"},{"taxonomy":"post_tag","embeddable":true,"href":"https:\/\/www.europesays.com\/pt\/wp-json\/wp\/v2\/tags?post=215688"}],"curies":[{"name":"wp","href":"https:\/\/api.w.org\/{rel}","templated":true}]}}