{"id":215692,"date":"2026-01-05T10:42:08","date_gmt":"2026-01-05T10:42:08","guid":{"rendered":"https:\/\/www.europesays.com\/pt\/215692\/"},"modified":"2026-01-05T10:42:08","modified_gmt":"2026-01-05T10:42:08","slug":"reino-unido-e-franca-lancaram-ataques-aereos-contra-estado-islamico-na-siria","status":"publish","type":"post","link":"https:\/\/www.europesays.com\/pt\/215692\/","title":{"rendered":"Reino Unido e Fran\u00e7a lan\u00e7aram ataques a\u00e9reos contra Estado Isl\u00e2mico na S\u00edria"},"content":{"rendered":"<p data-remotead-prev-elm=\"true\" data-remotead-elm-id=\"inread\">Num comunicado, o Minist\u00e9rio da Defesa brit\u00e2nico disse que, no s\u00e1bado \u00e0 noite, avi\u00f5es militares dos dois pa\u00edses bombardearam uma instala\u00e7\u00e3o subterr\u00e2nea no centro da S\u00edria que tinha sido ocupada pelo EI.<\/p>\n<p>&#8220;Os ind\u00edcios iniciais s\u00e3o de que o alvo foi atingido com sucesso. N\u00e3o h\u00e1 indica\u00e7\u00e3o de que o ataque tenha representado qualquer risco para os civis, e todas as nossas aeronaves regressaram em seguran\u00e7a&#8221;, acrescentou o minist\u00e9rio.<\/p>\n<p>O comunicado sublinhou que as aeronaves da For\u00e7a A\u00e9rea Real (RAF, na sigla em ingl\u00eas) brit\u00e2nica continuaram a realizar patrulhas sobre a S\u00edria para &#8220;ajudar a prevenir qualquer tentativa de ressurgimento do movimento terrorista&#8221;.<\/p>\n<p data-remotead-prev-elm=\"true\" data-remotead-elm-id=\"centro1\">&#8220;Uma an\u00e1lise cuidadosa dos servi\u00e7os de informa\u00e7\u00e3o&#8221; identificou uma<strong> instala\u00e7\u00e3o subterr\u00e2nea nas montanhas<\/strong>, a norte do s\u00edtio arqueol\u00f3gico de Palmira, usada pelo EI &#8220;provavelmente para armazenar armas e explosivos&#8221;, referiu a nota.<\/p>\n<p>Ca\u00e7as Typhoon FGR4 da RAF, apoiados por um avi\u00e3o-cisterna, juntaram-se a aeronaves francesas num ataque conjunto, usando bombas guiadas para atingir v\u00e1rios t\u00faneis de acesso \u00e0 instala\u00e7\u00e3o, disse o minist\u00e9rio.<\/p>\n<p><img decoding=\"async\" class=\"ngx-body\" guid=\"479cc0d9-100b-42cd-8e6a-21fbd37e6626\" src=\"https:\/\/www.europesays.com\/pt\/wp-content\/uploads\/2026\/01\/1767609728_406_image.webp.webp\" width=\"100%\"\/><br \/>Foto: Minist\u00e9rio da Defesa brit\u00e2nico\/AFP<\/p>\n<p data-remotead-prev-elm=\"true\" data-remotead-elm-id=\"centro2\">&#8220;Esta a\u00e7\u00e3o demonstra a lideran\u00e7a do Reino Unido e a nossa determina\u00e7\u00e3o em apoiar os nossos aliados para erradicar qualquer ressurgimento do [EI] e das suas ideologias perigosas e violentas&#8221;, disse o Secret\u00e1rio da Defesa brit\u00e2nico.<\/p>\n<p>&#8220;Esta opera\u00e7\u00e3o, para eliminar terroristas perigosos que amea\u00e7am o nosso modo de vida, demonstra como as nossas For\u00e7as Armadas est\u00e3o prontas para agir, durante todo o ano, mantendo a Gr\u00e3-Bretanha segura&#8221;, acrescentou John Healey.<\/p>\n<p>O comunicado n\u00e3o faz qualquer men\u00e7\u00e3o \u00e0s autoridades de transi\u00e7\u00e3o da S\u00edria, n\u00e3o sendo at\u00e9 ao momento claro se o Governo de Damasco foi informado da opera\u00e7\u00e3o.<\/p>\n<p data-remotead-prev-elm=\"true\" data-remotead-elm-id=\"centro3\">As autoridades da S\u00edria alegaram, na quinta-feira, ter frustrado opera\u00e7\u00f5es suicidas e ataques do EI durante as celebra\u00e7\u00f5es do Ano Novo em v\u00e1rias prov\u00edncias, mas sobretudo na cidade de Alepo, visando igrejas e outros locais de encontros de civis. O Governo s\u00edrio disse ainda que o atacante suicida que matou um pol\u00edcia na quarta-feira em Alepo, no norte do pa\u00eds, pertencia \u00e0 organiza\u00e7\u00e3o fundamentalista isl\u00e2mica.<\/p>\n<p>O EI intensificou recentemente os ataques em zonas da S\u00edria controladas pelas autoridades de Damasco, que emergiram da coliga\u00e7\u00e3o de grupos rebeldes que derrubou o regime do ex-Presidente Bashar al-Assad, em dezembro de 2024.<\/p>\n<p>As autoridades s\u00edrias realizaram no m\u00eas passado v\u00e1rias opera\u00e7\u00f5es contra o grupo e reclamaram, em 25 de dezembro, a morte de um importante l\u00edder terrorista na regi\u00e3o de Damasco.<\/p>\n<p>Em novembro, a S\u00edria aderiu oficialmente \u00e0 coliga\u00e7\u00e3o contra o EI, liderada pelos Estados Unidos, durante uma visita do presidente de transi\u00e7\u00e3o, Ahmed al-Sharaa, a Washington.<\/p>\n","protected":false},"excerpt":{"rendered":"Num comunicado, o Minist\u00e9rio da Defesa brit\u00e2nico disse que, no s\u00e1bado \u00e0 noite, avi\u00f5es militares dos dois pa\u00edses&hellip;\n","protected":false},"author":2,"featured_media":215693,"comment_status":"","ping_status":"","sticky":false,"template":"","format":"standard","meta":{"footnotes":""},"categories":[50],"tags":[27,28,15,16,208,39443,14,25,26,21,22,62,12,13,19,20,23,24,713,20900,17,18,29,30,31,63,64,65],"class_list":{"0":"post-215692","1":"post","2":"type-post","3":"status-publish","4":"format-standard","5":"has-post-thumbnail","7":"category-mundo","8":"tag-breaking-news","9":"tag-breakingnews","10":"tag-featured-news","11":"tag-featurednews","12":"tag-franca","13":"tag-grupo-estado-islamico","14":"tag-headlines","15":"tag-latest-news","16":"tag-latestnews","17":"tag-main-news","18":"tag-mainnews","19":"tag-mundo","20":"tag-news","21":"tag-noticias","22":"tag-noticias-principais","23":"tag-noticiasprincipais","24":"tag-principais-noticias","25":"tag-principaisnoticias","26":"tag-reino-unido","27":"tag-siria","28":"tag-top-stories","29":"tag-topstories","30":"tag-ultimas","31":"tag-ultimas-noticias","32":"tag-ultimasnoticias","33":"tag-world","34":"tag-world-news","35":"tag-worldnews"},"share_on_mastodon":{"url":"https:\/\/pubeurope.com\/@pt\/115842078626244343","error":""},"_links":{"self":[{"href":"https:\/\/www.europesays.com\/pt\/wp-json\/wp\/v2\/posts\/215692","targetHints":{"allow":["GET"]}}],"collection":[{"href":"https:\/\/www.europesays.com\/pt\/wp-json\/wp\/v2\/posts"}],"about":[{"href":"https:\/\/www.europesays.com\/pt\/wp-json\/wp\/v2\/types\/post"}],"author":[{"embeddable":true,"href":"https:\/\/www.europesays.com\/pt\/wp-json\/wp\/v2\/users\/2"}],"replies":[{"embeddable":true,"href":"https:\/\/www.europesays.com\/pt\/wp-json\/wp\/v2\/comments?post=215692"}],"version-history":[{"count":0,"href":"https:\/\/www.europesays.com\/pt\/wp-json\/wp\/v2\/posts\/215692\/revisions"}],"wp:featuredmedia":[{"embeddable":true,"href":"https:\/\/www.europesays.com\/pt\/wp-json\/wp\/v2\/media\/215693"}],"wp:attachment":[{"href":"https:\/\/www.europesays.com\/pt\/wp-json\/wp\/v2\/media?parent=215692"}],"wp:term":[{"taxonomy":"category","embeddable":true,"href":"https:\/\/www.europesays.com\/pt\/wp-json\/wp\/v2\/categories?post=215692"},{"taxonomy":"post_tag","embeddable":true,"href":"https:\/\/www.europesays.com\/pt\/wp-json\/wp\/v2\/tags?post=215692"}],"curies":[{"name":"wp","href":"https:\/\/api.w.org\/{rel}","templated":true}]}}