{"id":215695,"date":"2026-01-05T10:45:07","date_gmt":"2026-01-05T10:45:07","guid":{"rendered":"https:\/\/www.europesays.com\/pt\/215695\/"},"modified":"2026-01-05T10:45:07","modified_gmt":"2026-01-05T10:45:07","slug":"andressa-urach-surpreende-com-novidade-apos-filme-com-o-filho-em-um-mes-vou","status":"publish","type":"post","link":"https:\/\/www.europesays.com\/pt\/215695\/","title":{"rendered":"Andressa Urach surpreende com novidade ap\u00f3s filme com o filho: \u2018Em um m\u00eas vou&#8230;\u2019"},"content":{"rendered":"<p><a href=\"https:\/\/contigo.com.br\/tags\/andressa-urach\" rel=\"nofollow noopener\" target=\"_blank\"><strong>Andressa Urach<\/strong><\/a>, que causou na web ap\u00f3s gravar um filme adulto com o pr\u00f3prio filho, <strong>Arthur Urach<\/strong>, resolveu surpreender os seguidores que possui no Instagram nesta segunda-feira (5). \u201cJ\u00e1 anota a\u00ed e guarda esse nome! Andressa Urach V\u00eddeos\u201d, iniciou a famosa.<\/p>\n<p>\u201cEm um m\u00eas vou criar uma plataforma de conte\u00fado para os criadores que est\u00e3o cansados de mimimi de algumas plataformas! L\u00e1, estando dentro da lei, voc\u00eas ser\u00e3o livres para trabalhar!\u201d, garantiu a estrela do conte\u00fado para maiores de 18 anos.<\/p>\n<p> SEM PRECONCEITOS <\/p>\n<p>\u201cMinha plataforma vai ser para todos os g\u00eaneros! Acima de 18 anos. E tudo dentro das leis do pa\u00eds, ser\u00e3o livres para trabalhar, principalmente os gays que sofrem preconceito por serem criadores\u201d, refor\u00e7ou Andressa, recebendo alguns coment\u00e1rios.<\/p>\n<p> APOIO <\/p>\n<p>\u201cRealmente eu acho o c\u00famulo as plataformas de filmes adultos ficarem de mimimi\u2026 Voc\u00ea vai ser m\u00e3e se desenvolver uma plataforma que nos deixe livre pra criar\u201d, escreveu uma seguidora. \u201cIc\u00f4nica. Personalidade forte, marcante, um cora\u00e7\u00e3o enorme\u2026 S\u00f3 voc\u00ea sabe o que teve que passar pra vencer na vida. Muito sucesso e prote\u00e7\u00e3o sempre, lindona\u201d, apontou outro.<\/p>\n<p>\u201cMulher, pra que tu se justifica tanto? Descansa! Se est\u00e1 t\u00e3o certa como diz que t\u00e1, pra que essa necessidade de valida\u00e7\u00e3o?\u201d, indagou uma terceira. \u201cVoc\u00eas querendo ou n\u00e3o, ela \u00e9 uma grande empreendedora\u201d, defendeu outra. \u201cEsperando o dia do lan\u00e7amento\u201d, declarou mais um.<\/p>\n<blockquote class=\"instagram-media\" style=\"background: #FFF; border: 0; border-radius: 3px; box-shadow: 0 0 1px 0 rgba(0,0,0,0.5),0 1px 10px 0 rgba(0,0,0,0.15); margin: 1px; max-width: 540px; min-width: 326px; padding: 0; width: calc(100% - 2px);\" data-instgrm-captioned=\"\" data-instgrm-permalink=\"https:\/\/www.instagram.com\/reel\/DTHVmMwDq_e\/?utm_source=ig_embed&amp;utm_campaign=loading\" data-instgrm-version=\"14\"><\/blockquote>\n<p>  ANDRESSA URACH SE REVOLTA E MANDA RECADO NA WEB <\/p>\n<p>Em novembro do ano passado, Andressa Urach resolveu se manifestar na web. \u201cQueria deixar um recado para as coleguinhas: eu sou ciumenta, barraqueira e subterr\u00e2nea. E se voc\u00ea tem amor ao seu rostinho, os dentinhos da sua boca e os cabelinhos da sua cabe\u00e7a, n\u00e3o segue o meu boy, querida. T\u00e1 bom? Se eu n\u00e3o botei o arroba dele aqui, \u00e9 porque n\u00e3o \u00e9 para voc\u00ea seguir\u201d, disse a <a href=\"https:\/\/www.instagram.com\/aandressaurach\/?hl=pt\" rel=\"nofollow noopener\" target=\"_blank\">estrela<\/a>.<\/p>\n<p>Leia tamb\u00e9m: <a href=\"https:\/\/contigo.com.br\/noticias\/famosos\/ator-que-gravou-filme-com-o-pai-se-revolta-apos-video-de-andressa-urach-com-o-filho-os-outros-copiam.phtml\" rel=\"nofollow noopener\" target=\"_blank\">Ator que gravou filme com o pai se revolta ap\u00f3s v\u00eddeo de Andressa Urach com o filho: \u2018Os outros copiam\u2019<\/a><\/p>\n<p>\u00a0<\/p>\n<p>\u00a0<\/p>\n<p>\u00a0<\/p>\n<p>\u00a0<\/p>\n<p>\u00a0<\/p>\n<p>        <a href=\"https:\/\/contigo.com.br\/noticias\/author\/guilherme-rodrigues\" rel=\"nofollow noopener\" target=\"_blank\">&#13;<br \/>\n          <img loading=\"lazy\" alt=\"Guilherme Rodrigues\" src=\"https:\/\/www.europesays.com\/pt\/wp-content\/uploads\/2026\/01\/87ea0c62d226cc8edfdf275f3c1f15ebdbf1a99da8008d64442b7342eb38ee25.jpeg\"  class=\"avatar avatar-115 photo rounded-circle mr-3\" height=\"115\" width=\"115\" decoding=\"async\"\/>        <\/a><\/p>\n<p><strong>Guilherme Rodrigues<\/strong> \u00e9 formado em Jornalismo na Unitau e trabalhou nos sites RD1 e Observat\u00f3rio da TV. Realiza mat\u00e9rias sobre TV e famosos.<\/p>\n<p>\t                                            <script async src=\"\/\/www.instagram.com\/embed.js\"><\/script><\/p>\n","protected":false},"excerpt":{"rendered":"Andressa Urach, que causou na web ap\u00f3s gravar um filme adulto com o pr\u00f3prio filho, Arthur Urach, resolveu&hellip;\n","protected":false},"author":2,"featured_media":215696,"comment_status":"","ping_status":"","sticky":false,"template":"","format":"standard","meta":{"footnotes":""},"categories":[145],"tags":[5404,211,210,114,115,32,33],"class_list":{"0":"post-215695","1":"post","2":"type-post","3":"status-publish","4":"format-standard","5":"has-post-thumbnail","7":"category-celebridades","8":"tag-andressa-urach","9":"tag-celebridades","10":"tag-celebrities","11":"tag-entertainment","12":"tag-entretenimento","13":"tag-portugal","14":"tag-pt"},"share_on_mastodon":{"url":"https:\/\/pubeurope.com\/@pt\/115842090433738006","error":""},"_links":{"self":[{"href":"https:\/\/www.europesays.com\/pt\/wp-json\/wp\/v2\/posts\/215695","targetHints":{"allow":["GET"]}}],"collection":[{"href":"https:\/\/www.europesays.com\/pt\/wp-json\/wp\/v2\/posts"}],"about":[{"href":"https:\/\/www.europesays.com\/pt\/wp-json\/wp\/v2\/types\/post"}],"author":[{"embeddable":true,"href":"https:\/\/www.europesays.com\/pt\/wp-json\/wp\/v2\/users\/2"}],"replies":[{"embeddable":true,"href":"https:\/\/www.europesays.com\/pt\/wp-json\/wp\/v2\/comments?post=215695"}],"version-history":[{"count":0,"href":"https:\/\/www.europesays.com\/pt\/wp-json\/wp\/v2\/posts\/215695\/revisions"}],"wp:featuredmedia":[{"embeddable":true,"href":"https:\/\/www.europesays.com\/pt\/wp-json\/wp\/v2\/media\/215696"}],"wp:attachment":[{"href":"https:\/\/www.europesays.com\/pt\/wp-json\/wp\/v2\/media?parent=215695"}],"wp:term":[{"taxonomy":"category","embeddable":true,"href":"https:\/\/www.europesays.com\/pt\/wp-json\/wp\/v2\/categories?post=215695"},{"taxonomy":"post_tag","embeddable":true,"href":"https:\/\/www.europesays.com\/pt\/wp-json\/wp\/v2\/tags?post=215695"}],"curies":[{"name":"wp","href":"https:\/\/api.w.org\/{rel}","templated":true}]}}