{"id":215709,"date":"2026-01-05T10:58:07","date_gmt":"2026-01-05T10:58:07","guid":{"rendered":"https:\/\/www.europesays.com\/pt\/215709\/"},"modified":"2026-01-05T10:58:07","modified_gmt":"2026-01-05T10:58:07","slug":"ruben-amorim-despedido-do-manchester-united-futebol-internacional","status":"publish","type":"post","link":"https:\/\/www.europesays.com\/pt\/215709\/","title":{"rendered":"Ruben Amorim despedido do Manchester United | Futebol internacional"},"content":{"rendered":"<p>Ruben Amorim j\u00e1 n\u00e3o \u00e9 treinador do Manchester United. O clube ingl\u00eas anunciou nesta segunda-feira o despedimento do t\u00e9cnico portugu\u00eas, que tinha contrato at\u00e9 Junho de 2027, pondo assim fim a cerca de um ano e um m\u00eas no cargo.<\/p>\n<p>        &#13;<\/p>\n<blockquote class=\"twitter-tweet\">\n<p lang=\"en\" dir=\"ltr\">Club statement: Ruben Amorim.<\/p>\n<p>\u2014 Manchester United (@ManUtd) <a href=\"https:\/\/twitter.com\/ManUtd\/status\/2008119055945723952?ref_src=twsrc%5Etfw\" rel=\"nofollow noopener\" target=\"_blank\">January 5, 2026<\/a><\/p><\/blockquote>\n<p> &#13;<\/p>\n<p>&#8220;Ruben Amorim deixou o cargo de treinador principal do Manchester United. Com o Manchester United a ocupar o sexto lugar da Premier League, a direc\u00e7\u00e3o do clube tomou, com relut\u00e2ncia, a decis\u00e3o de proceder a uma mudan\u00e7a. Esta decis\u00e3o visa dar \u00e0 equipa a melhor oportunidade de alcan\u00e7ar a melhor classifica\u00e7\u00e3o poss\u00edvel na Premier League&#8221;, adiantam os &#8220;red devils&#8221;, em comunicado.<\/p>\n<p>No imediato, ser\u00e1 Darren Fletcher, antiga lenda do clube e at\u00e9 agora treinador do escal\u00e3o j\u00fanior, a tomar conta da equipa principal, pelo menos at\u00e9 ao jogo da pr\u00f3xima jornada em casa do Burnley, j\u00e1 na quarta-feira.<\/p>\n<p>Esta decis\u00e3o come\u00e7ou a ganhar contornos cada vez mais n\u00edtidos depois do empate de domingo em casa do Leeds (1-1), especialmente na sequ\u00eancia do desabafo de Amorim, quando no final da confer\u00eancia de imprensa deixou no ar algum desagrado pela forma como a sua autonomia estava a ser gerida dentro do clube.<\/p>\n<p>Diverg\u00eancias: mercado e sistema<\/p>\n<p>&#8220;Vim para c\u00e1 para ser o manager do Manchester United, n\u00e3o apenas o treinador. Isso \u00e9 claro. Sei que o meu nome n\u00e3o \u00e9 Conte, Tuchel ou Jos\u00e9 Mourinho, mas sou o manager do Manchester United. Vai ser assim durante 18 meses ou at\u00e9 que a direc\u00e7\u00e3o decida mudar. N\u00e3o vou desistir. O acordo era eu ser o manager e n\u00e3o o treinador. Se as pessoas n\u00e3o conseguem lidar com as cr\u00edticas do Gary Neville ou de outro, ent\u00e3o temos de mudar o clube&#8221;, afirmou, com contund\u00eancia.<\/p>\n<p>Na presente temporada, o United soma oito vit\u00f3rias, sete empates e cinco derrotas na Premier League, pec\u00falio que lhe vale um sexto lugar na classifica\u00e7\u00e3o, a tr\u00eas pontos dos lugares de acesso \u00e0 Liga dos Campe\u00f5es. Nos \u00faltimos cinco jogos, por\u00e9m, a equipa s\u00f3 conseguiu ganhar um (1-0 ao Newcastle) e viu a press\u00e3o interna e externa subir de tom, numa altura em que o m\u00e9dio portugu\u00eas Bruno Fernandes continua de fora, por les\u00e3o.<\/p>\n<p>Ao momento actual, soma-se uma temporada passada de tremenda desilus\u00e3o, que figura na hist\u00f3ria do clube como a pior de sempre. Os &#8220;red devils&#8221; terminaram 2024-25 na 15.\u00aa posi\u00e7\u00e3o, com o menor n\u00famero de pontos somados desde 1973-74, \u00e9poca que de desceram de divis\u00e3o. No total, Ruben Amorim orientou a equipa em 63 jogos, durante os quais alcan\u00e7ou 24 triunfos, 18 empates e 21 desaires &#8211; uma percentagem de vit\u00f3rias de apenas 38,1%.<\/p>\n<p>No \u00faltimo mercado de transfer\u00eancias, o clube retocou o plantel com um investimento de 250 milh\u00f5es de euros, muito centrado nas contrata\u00e7\u00f5es de Benjamin Sesko, Bryan Mbeumo e Matheus Cunha, mas o resultado final da abordagem n\u00e3o ter\u00e1 sido inteiramente do agrado de Amorim, que n\u00e3o escondeu alguma tens\u00e3o com o director desportivo, Jason Wilcox, a este respeito.<\/p>\n<p>De resto, as press\u00f5es que o treinador portugu\u00eas ter\u00e1 sofrido estenderam-se mesmo \u00e0 abordagem dos jogos. Desde que chegou a Old Trafford, Ruben Amorim optou por uma defesa a tr\u00eas, com os alas projectados, \u00e0 imagem do que constru\u00edra (com grande sucesso) no Sporting, mas os resultados n\u00e3o foram os esperados e, h\u00e1 poucas semanas, utilizou uma defesa a quatro no jogo com o Newcastle (que venceu), apenas para voltar ao sistema-base logo de seguida.<\/p>\n<p>            <script async src=\"https:\/\/platform.twitter.com\/widgets.js\" charset=\"utf-8\"><\/script><\/p>\n","protected":false},"excerpt":{"rendered":"Ruben Amorim j\u00e1 n\u00e3o \u00e9 treinador do Manchester United. O clube ingl\u00eas anunciou nesta segunda-feira o despedimento do&hellip;\n","protected":false},"author":2,"featured_media":215710,"comment_status":"","ping_status":"","sticky":false,"template":"","format":"standard","meta":{"footnotes":""},"categories":[8],"tags":[27,28,135,353,15,16,138,14,25,26,21,22,663,12,13,19,20,32,23,24,33,1052,17,18,29,30,31],"class_list":{"0":"post-215709","1":"post","2":"type-post","3":"status-publish","4":"format-standard","5":"has-post-thumbnail","7":"category-principais-noticias","8":"tag-breaking-news","9":"tag-breakingnews","10":"tag-desporto","11":"tag-em-destaque","12":"tag-featured-news","13":"tag-featurednews","14":"tag-futebol-internacional","15":"tag-headlines","16":"tag-latest-news","17":"tag-latestnews","18":"tag-main-news","19":"tag-mainnews","20":"tag-manchester-united","21":"tag-news","22":"tag-noticias","23":"tag-noticias-principais","24":"tag-noticiasprincipais","25":"tag-portugal","26":"tag-principais-noticias","27":"tag-principaisnoticias","28":"tag-pt","29":"tag-ruben-amorim","30":"tag-top-stories","31":"tag-topstories","32":"tag-ultimas","33":"tag-ultimas-noticias","34":"tag-ultimasnoticias"},"share_on_mastodon":{"url":"https:\/\/pubeurope.com\/@pt\/115842141677993387","error":""},"_links":{"self":[{"href":"https:\/\/www.europesays.com\/pt\/wp-json\/wp\/v2\/posts\/215709","targetHints":{"allow":["GET"]}}],"collection":[{"href":"https:\/\/www.europesays.com\/pt\/wp-json\/wp\/v2\/posts"}],"about":[{"href":"https:\/\/www.europesays.com\/pt\/wp-json\/wp\/v2\/types\/post"}],"author":[{"embeddable":true,"href":"https:\/\/www.europesays.com\/pt\/wp-json\/wp\/v2\/users\/2"}],"replies":[{"embeddable":true,"href":"https:\/\/www.europesays.com\/pt\/wp-json\/wp\/v2\/comments?post=215709"}],"version-history":[{"count":0,"href":"https:\/\/www.europesays.com\/pt\/wp-json\/wp\/v2\/posts\/215709\/revisions"}],"wp:featuredmedia":[{"embeddable":true,"href":"https:\/\/www.europesays.com\/pt\/wp-json\/wp\/v2\/media\/215710"}],"wp:attachment":[{"href":"https:\/\/www.europesays.com\/pt\/wp-json\/wp\/v2\/media?parent=215709"}],"wp:term":[{"taxonomy":"category","embeddable":true,"href":"https:\/\/www.europesays.com\/pt\/wp-json\/wp\/v2\/categories?post=215709"},{"taxonomy":"post_tag","embeddable":true,"href":"https:\/\/www.europesays.com\/pt\/wp-json\/wp\/v2\/tags?post=215709"}],"curies":[{"name":"wp","href":"https:\/\/api.w.org\/{rel}","templated":true}]}}