{"id":215774,"date":"2026-01-05T11:49:13","date_gmt":"2026-01-05T11:49:13","guid":{"rendered":"https:\/\/www.europesays.com\/pt\/215774\/"},"modified":"2026-01-05T11:49:13","modified_gmt":"2026-01-05T11:49:13","slug":"energia-estranha-e-pesada-apos-desaparecimento-de-maycon-douglas-um-conhecido-ex-concorrente-de-secret-story-vai-a-nazare","status":"publish","type":"post","link":"https:\/\/www.europesays.com\/pt\/215774\/","title":{"rendered":"&#8220;Energia estranha e pesada&#8221;: ap\u00f3s desaparecimento de Maycon Douglas, um conhecido ex-concorrente de &#8220;Secret Story&#8221; vai \u00e0 Nazar\u00e9!"},"content":{"rendered":"<p>Perante o desaparecimento de <a href=\"https:\/\/selfie.iol.pt\/famosos\/casa-dos-segredos\/antigo-desafeto-de-maycon-douglas-toma-atitude-radical-apos-desaparecimento-do-ex-concorrente-de-secret-story\/20260104\/695a4f18d34e3caad84d1227\" target=\"_blank\" rel=\"nofollow noopener\">Maycon Douglas<\/a>, muitos ex-colegas que conviveram com o MC na oitava edi\u00e7\u00e3o de &#8220;<a href=\"https:\/\/tvi.iol.pt\/secretstory\/\" target=\"_blank\" rel=\"nofollow noopener\">Secret Story &#8211; Casa dos Segredos<\/a>&#8221; t\u00eam-se mostrado ativos nas redes sociais com a partilha de comunicados sobre o caso ou com a publica\u00e7\u00e3o de simples desabafos.<\/p>\n<p>\u00c9 o caso de <a href=\"https:\/\/selfie.iol.pt\/famosos\/casa-dos-segredos\/ruben-silvestre-toma-importante-decisao-sobre-maycon-douglas-ha-coisas-que-nao-estao-a-bater-certo\/20260103\/6959345bd34e3caad84d0ebb\" target=\"_blank\" rel=\"nofollow noopener\">Ruben Silvestre<\/a>, que se tem mostrado abalado com este mist\u00e9rio que tem envolvido Maycon Douglas. Ali\u00e1s, no passsado s\u00e1bado, dia 3, o futebolista decidiu rumar \u00e0 Nazar\u00e9 &#8211; onde o jovem foi visto pela \u00faltima vez &#8211; e, no Instagram, publicou uma emotiva mensagem.<\/p>\n<p>&#8220;N\u00e3o fui \u00e0 procura de respostas, fui \u00e0 procura de sentir, de ver com os meus pr\u00f3prios olhos, de perceber com o cora\u00e7\u00e3o aquilo que as palavras n\u00e3o conseguem explicar&#8221;, garantiu, ap\u00f3s ter estado presente no local.<\/p>\n<p>&#8220;Havia coisas que precisava de viver ali, em sil\u00eancio, para mim. Mas tamb\u00e9m sei que h\u00e1 coisas que n\u00e3o me compete dizer. H\u00e1 limites que o respeito imp\u00f5e. E h\u00e1 verdades que s\u00f3 o tempo pode trazer. O que posso dizer \u00e9 isto: espero que os pr\u00f3ximos dias possam trazer novidades. Para todos. E at\u00e9 l\u00e1, a f\u00e9 n\u00e3o pode morrer&#8221;, assinalou.<\/p>\n<p>Ruben Silvestre garantiu que sentiu &#8220;a calmaria, a energia estranha, pesada e ao mesmo tempo serena&#8221;. &#8220;Vou acreditar, com tudo o que sou, que isto n\u00e3o passa de um pesadelo. E que o Maycon vai ficar bem. De mim, e daqui, n\u00e3o me pronunciarei mais em rela\u00e7\u00e3o ao assunto. At\u00e9, pelo menos, termos conclus\u00f5es&#8221;, completou.<\/p>\n<p>Veja, agora, algumas das melhores imagens de Maycon Douglas e Ruben Silvestre nas galerias de fotografias que prepar\u00e1mos para si.<\/p>\n<p><img decoding=\"async\" alt=\"\" onclick=\"\" src=\"https:\/\/www.europesays.com\/pt\/wp-content\/uploads\/2026\/01\/1767613752_855_1024.jpeg\" title=\"Ruben Silvestre\"\/><\/p>\n<p><img decoding=\"async\" alt=\"\" onclick=\"\" src=\"https:\/\/www.europesays.com\/pt\/wp-content\/uploads\/2026\/01\/1767613752_80_1024.jpeg\" title=\"Ruben Silvestre\"\/><\/p>\n<p><img decoding=\"async\" alt=\"\" onclick=\"\" src=\"https:\/\/www.europesays.com\/pt\/wp-content\/uploads\/2026\/01\/1767613753_681_1024.jpeg\" title=\"Ruben Silvestre\"\/><\/p>\n","protected":false},"excerpt":{"rendered":"Perante o desaparecimento de Maycon Douglas, muitos ex-colegas que conviveram com o MC na oitava edi\u00e7\u00e3o de &#8220;Secret&hellip;\n","protected":false},"author":2,"featured_media":215775,"comment_status":"","ping_status":"","sticky":false,"template":"","format":"standard","meta":{"footnotes":""},"categories":[85],"tags":[2632,114,115,980,1015,10223,619,32,33,1014,10714,1315,1012,162],"class_list":{"0":"post-215774","1":"post","2":"type-post","3":"status-publish","4":"format-standard","5":"has-post-thumbnail","7":"category-entretenimento","8":"tag-casa-dos-segredos","9":"tag-entertainment","10":"tag-entretenimento","11":"tag-famosos","12":"tag-instagram","13":"tag-maycon-douglas","14":"tag-nacional","15":"tag-portugal","16":"tag-pt","17":"tag-reality-show","18":"tag-ruben-silvestre","19":"tag-secret-story","20":"tag-selfie","21":"tag-tvi"},"share_on_mastodon":{"url":"https:\/\/pubeurope.com\/@pt\/115842342251785448","error":""},"_links":{"self":[{"href":"https:\/\/www.europesays.com\/pt\/wp-json\/wp\/v2\/posts\/215774","targetHints":{"allow":["GET"]}}],"collection":[{"href":"https:\/\/www.europesays.com\/pt\/wp-json\/wp\/v2\/posts"}],"about":[{"href":"https:\/\/www.europesays.com\/pt\/wp-json\/wp\/v2\/types\/post"}],"author":[{"embeddable":true,"href":"https:\/\/www.europesays.com\/pt\/wp-json\/wp\/v2\/users\/2"}],"replies":[{"embeddable":true,"href":"https:\/\/www.europesays.com\/pt\/wp-json\/wp\/v2\/comments?post=215774"}],"version-history":[{"count":0,"href":"https:\/\/www.europesays.com\/pt\/wp-json\/wp\/v2\/posts\/215774\/revisions"}],"wp:featuredmedia":[{"embeddable":true,"href":"https:\/\/www.europesays.com\/pt\/wp-json\/wp\/v2\/media\/215775"}],"wp:attachment":[{"href":"https:\/\/www.europesays.com\/pt\/wp-json\/wp\/v2\/media?parent=215774"}],"wp:term":[{"taxonomy":"category","embeddable":true,"href":"https:\/\/www.europesays.com\/pt\/wp-json\/wp\/v2\/categories?post=215774"},{"taxonomy":"post_tag","embeddable":true,"href":"https:\/\/www.europesays.com\/pt\/wp-json\/wp\/v2\/tags?post=215774"}],"curies":[{"name":"wp","href":"https:\/\/api.w.org\/{rel}","templated":true}]}}