{"id":215805,"date":"2026-01-05T12:13:08","date_gmt":"2026-01-05T12:13:08","guid":{"rendered":"https:\/\/www.europesays.com\/pt\/215805\/"},"modified":"2026-01-05T12:13:08","modified_gmt":"2026-01-05T12:13:08","slug":"talvez-nos-faca-um-desconto","status":"publish","type":"post","link":"https:\/\/www.europesays.com\/pt\/215805\/","title":{"rendered":"Talvez nos fa\u00e7a um desconto"},"content":{"rendered":"<p dir=\"ltr\">\u201cHeated Rivalry\u201d continua a conquistar espectadores em todo o mundo e Miley Cyrus tamb\u00e9m j\u00e1 conhece a hist\u00f3ria de Shane Hollander (Hudson Williams) e Ilya Rozanov (Connor Storrie). A s\u00e9rie canadiana dever\u00e1 estrear-se em Portugal, na HBO Max, em breve.<\/p>\n<p dir=\"ltr\">Em entrevista \u00e0 Variety na passadeira vermelha da gala do Festival Internacional de Cinema de Palm Springs, a cantora norte-americana confessou que, apesar de ainda n\u00e3o ter visto a s\u00e9rie, est\u00e1 dispon\u00edvel para fazer uma can\u00e7\u00e3o para a segunda temporada,<\/p>\n<p dir=\"ltr\">\u201cAh, estou totalmente dispon\u00edvel. Chamem-me. Contratem-me\u201d, disse Miley Cyrus \u00e0 revista.<\/p>\n<p dir=\"ltr\">J\u00e1 este domingo, Fran\u00e7ois Arnaud, que veste a pele de Scott Hunter em \u201cHeated Rivalry\u201d, reagiu \u00e0s declara\u00e7\u00f5es da artista. \u00a0\u201cAcho que podemos ter um or\u00e7amento um pouco maior para a segunda temporada, mas n\u00e3o sei se temos or\u00e7amento para a Miley\u201d, disse o ator \u00e0 Variety este domingo, 4 de janeiro, nos Critics Choice Awards.<\/p>\n<p dir=\"ltr\">\u201cMas acho que, se ela vir a s\u00e9rie, talvez nos fa\u00e7a um desconto\u201d, brincou.<\/p>\n<p dir=\"ltr\">Na semana passada, circularam rumores nas redes sociais de que Miley Cyrus seria f\u00e3 da s\u00e9rie, depois de ter deixado um \u2018gosto\u2019 numa publica\u00e7\u00e3o sobre \u201cHeated Rivalry\u201d.<\/p>\n<p dir=\"ltr\">&#8220;Ainda n\u00e3o vi, mas agora est\u00e1 definitivamente na minha lista (&#8230;) \u00c9 tudo o que tenho ouvido. Todas as conversas que tive hoje come\u00e7aram com algu\u00e9m a dizer-me: \u2018Tens mesmo de ver isto\u2019\u201d, disse a artista.<\/p>\n","protected":false},"excerpt":{"rendered":"\u201cHeated Rivalry\u201d continua a conquistar espectadores em todo o mundo e Miley Cyrus tamb\u00e9m j\u00e1 conhece a hist\u00f3ria&hellip;\n","protected":false},"author":2,"featured_media":215806,"comment_status":"","ping_status":"","sticky":false,"template":"","format":"standard","meta":{"footnotes":""},"categories":[141],"tags":[114,115,149,150,32,33],"class_list":{"0":"post-215805","1":"post","2":"type-post","3":"status-publish","4":"format-standard","5":"has-post-thumbnail","7":"category-musica","8":"tag-entertainment","9":"tag-entretenimento","10":"tag-music","11":"tag-musica","12":"tag-portugal","13":"tag-pt"},"share_on_mastodon":{"url":"https:\/\/pubeurope.com\/@pt\/115842436804286153","error":""},"_links":{"self":[{"href":"https:\/\/www.europesays.com\/pt\/wp-json\/wp\/v2\/posts\/215805","targetHints":{"allow":["GET"]}}],"collection":[{"href":"https:\/\/www.europesays.com\/pt\/wp-json\/wp\/v2\/posts"}],"about":[{"href":"https:\/\/www.europesays.com\/pt\/wp-json\/wp\/v2\/types\/post"}],"author":[{"embeddable":true,"href":"https:\/\/www.europesays.com\/pt\/wp-json\/wp\/v2\/users\/2"}],"replies":[{"embeddable":true,"href":"https:\/\/www.europesays.com\/pt\/wp-json\/wp\/v2\/comments?post=215805"}],"version-history":[{"count":0,"href":"https:\/\/www.europesays.com\/pt\/wp-json\/wp\/v2\/posts\/215805\/revisions"}],"wp:featuredmedia":[{"embeddable":true,"href":"https:\/\/www.europesays.com\/pt\/wp-json\/wp\/v2\/media\/215806"}],"wp:attachment":[{"href":"https:\/\/www.europesays.com\/pt\/wp-json\/wp\/v2\/media?parent=215805"}],"wp:term":[{"taxonomy":"category","embeddable":true,"href":"https:\/\/www.europesays.com\/pt\/wp-json\/wp\/v2\/categories?post=215805"},{"taxonomy":"post_tag","embeddable":true,"href":"https:\/\/www.europesays.com\/pt\/wp-json\/wp\/v2\/tags?post=215805"}],"curies":[{"name":"wp","href":"https:\/\/api.w.org\/{rel}","templated":true}]}}