{"id":215807,"date":"2026-01-05T12:14:06","date_gmt":"2026-01-05T12:14:06","guid":{"rendered":"https:\/\/www.europesays.com\/pt\/215807\/"},"modified":"2026-01-05T12:14:06","modified_gmt":"2026-01-05T12:14:06","slug":"bella-ramsey-volta-a-abordar-interesse-em-interpretar-o-homem-aranha-eu-topo","status":"publish","type":"post","link":"https:\/\/www.europesays.com\/pt\/215807\/","title":{"rendered":"Bella Ramsey volta a abordar interesse em interpretar o Homem-Aranha: &#8220;Eu topo&#8221;"},"content":{"rendered":"<p class=\"wp-block-yoast-seo-estimated-reading-time yoast-reading-time__wrapper\">Estimated reading time: 2 minutos<\/p>\n<p>Meses ap\u00f3s a repercuss\u00e3o online de uma declara\u00e7\u00e3o em que dizia que gostaria de interpretar o <a href=\"https:\/\/ovicio.com.br\/tag\/homem-aranha\" target=\"_blank\" rel=\"noreferrer noopener nofollow\">Homem-Aranha<\/a> no futuro, <a href=\"https:\/\/ovicio.com.br\/tag\/bella-ramsey\" target=\"_blank\" rel=\"noreferrer noopener nofollow\">Bella Ramsey<\/a> volta a abordar interesse no papel do super-her\u00f3i.<\/p>\n<p>Em sua recente apari\u00e7\u00e3o no C<strong>ritics Choice Awards 2026<\/strong>, a estrela da s\u00e9rie <a href=\"https:\/\/ovicio.com.br\/serie\/the-last-of-us\" target=\"_blank\" rel=\"noreferrer noopener nofollow\">The Last Of Us<\/a> concedeu uma entrevista para a Variety, dizendo o seguinte sobre a possibilidade:<\/p>\n<p><strong>&#8220;[&#8230;] Eu estou at\u00e9 nas cores do personagem. \u00c9 engra\u00e7ado. Minha declara\u00e7\u00e3o acabou causando um alvoro\u00e7o enorme. Olhe, eu ainda topo. Mas, desde aquele dia, eu repensei sobre aquilo. Talvez tenha sido precipitado. Enfim, Feliz Ano Novo.&#8221;<\/strong><\/p>\n<p>Atualmente, o Amig\u00e3o da Vizinhan\u00e7a \u00e9 interpretado por <a href=\"https:\/\/ovicio.com.br\/tag\/tom-holland\" target=\"_blank\" rel=\"noreferrer noopener nofollow\">Tom Holland<\/a> no <strong>Universo Cinematogr\u00e1fico Marvel<\/strong>, e n\u00e3o h\u00e1 qualquer previs\u00e3o para uma potencial reformula\u00e7\u00e3o do personagem.<\/p>\n<p>O est\u00fadio reserva o dia 31 de julho deste ano para o lan\u00e7amento de <strong>Homem-Aranha: Um Novo Dia<\/strong>, 4\u00ba filme do her\u00f3i que integrar\u00e1 a atual <strong>Saga do Multiverso<\/strong> do MCU.<\/p>\n<p><strong>Bella Ramsey<\/strong>, por sua vez, se prepara para retornar na 3\u00aa temporada de <strong>The Last Of Us<\/strong>, que deve estrear em algum momento de 2027 na <strong>HBO<\/strong> e <a href=\"https:\/\/ovicio.com.br\/tag\/hbo-max\" target=\"_blank\" rel=\"noreferrer noopener nofollow\">HBO Max<\/a>.<\/p>\n<p>Leia mais sobre Bella Ramsey e o Homem-Aranha:<\/p>\n<p><strong>Fonte: <\/strong><a href=\"https:\/\/x.com\/Variety\/status\/2008016101158887573\" target=\"_blank\" rel=\"noreferrer noopener nofollow\">Variety<\/a>.<\/p>\n","protected":false},"excerpt":{"rendered":"Estimated reading time: 2 minutos Meses ap\u00f3s a repercuss\u00e3o online de uma declara\u00e7\u00e3o em que dizia que gostaria&hellip;\n","protected":false},"author":2,"featured_media":215808,"comment_status":"","ping_status":"","sticky":false,"template":"","format":"standard","meta":{"footnotes":""},"categories":[140],"tags":[2808,114,115,147,148,1583,5814,12733,146,32,33,2809,6705],"class_list":{"0":"post-215807","1":"post","2":"type-post","3":"status-publish","4":"format-standard","5":"has-post-thumbnail","7":"category-filmes","8":"tag-bella-ramsey","9":"tag-entertainment","10":"tag-entretenimento","11":"tag-film","12":"tag-filmes","13":"tag-hbo-max","14":"tag-homem-aranha","15":"tag-marvel-studios","16":"tag-movies","17":"tag-portugal","18":"tag-pt","19":"tag-the-last-of-us","20":"tag-tom-holland"},"share_on_mastodon":{"url":"https:\/\/pubeurope.com\/@pt\/115842440526460205","error":""},"_links":{"self":[{"href":"https:\/\/www.europesays.com\/pt\/wp-json\/wp\/v2\/posts\/215807","targetHints":{"allow":["GET"]}}],"collection":[{"href":"https:\/\/www.europesays.com\/pt\/wp-json\/wp\/v2\/posts"}],"about":[{"href":"https:\/\/www.europesays.com\/pt\/wp-json\/wp\/v2\/types\/post"}],"author":[{"embeddable":true,"href":"https:\/\/www.europesays.com\/pt\/wp-json\/wp\/v2\/users\/2"}],"replies":[{"embeddable":true,"href":"https:\/\/www.europesays.com\/pt\/wp-json\/wp\/v2\/comments?post=215807"}],"version-history":[{"count":0,"href":"https:\/\/www.europesays.com\/pt\/wp-json\/wp\/v2\/posts\/215807\/revisions"}],"wp:featuredmedia":[{"embeddable":true,"href":"https:\/\/www.europesays.com\/pt\/wp-json\/wp\/v2\/media\/215808"}],"wp:attachment":[{"href":"https:\/\/www.europesays.com\/pt\/wp-json\/wp\/v2\/media?parent=215807"}],"wp:term":[{"taxonomy":"category","embeddable":true,"href":"https:\/\/www.europesays.com\/pt\/wp-json\/wp\/v2\/categories?post=215807"},{"taxonomy":"post_tag","embeddable":true,"href":"https:\/\/www.europesays.com\/pt\/wp-json\/wp\/v2\/tags?post=215807"}],"curies":[{"name":"wp","href":"https:\/\/api.w.org\/{rel}","templated":true}]}}