{"id":21581,"date":"2025-08-08T19:56:09","date_gmt":"2025-08-08T19:56:09","guid":{"rendered":"https:\/\/www.europesays.com\/pt\/21581\/"},"modified":"2025-08-08T19:56:09","modified_gmt":"2025-08-08T19:56:09","slug":"eis-a-melhor-imagem-de-sempre-de-um-cometa-de-alta-velocidade-a-visitar-o-nosso-sistema-solar","status":"publish","type":"post","link":"https:\/\/www.europesays.com\/pt\/21581\/","title":{"rendered":"Eis a melhor imagem de sempre de um cometa de alta velocidade a visitar o nosso sistema solar"},"content":{"rendered":"<p>\n  De&amp;nbsp<b>Euronews<\/b>&amp;nbspcom&amp;nbsp<b>AP<\/b>\n<\/p>\n<p>\n         Publicado a<br \/>\n            08\/08\/2025 &#8211; 11:19 GMT+2\n            <\/p>\n<p>          <img decoding=\"async\" class=\"c-ad__placeholder__logo\" src=\"https:\/\/static.euronews.com\/website\/images\/logos\/logo-euronews-stacked-outlined-72x72-grey-9.svg\" width=\"72\" height=\"72\" alt=\"\" loading=\"lazy\"\/><br \/>\n          PUBLICIDADE<\/p>\n<p>O Telesc\u00f3pio Espacial Hubble captou a melhor imagem de sempre de um cometa de alta velocidade que visita o nosso sistema solar vindo de outra estrela.<\/p>\n<p>A NASA e a Ag\u00eancia Espacial Europeia divulgaram as \u00faltimas fotografias na quinta-feira.<\/p>\n<p>Descoberto no m\u00eas passado por um telesc\u00f3pio no Chile, o cometa conhecido como 3I-Atlas \u00e9 apenas o terceiro objeto interestelar conhecido a passar pelo nosso caminho. N\u00e3o representa qualquer amea\u00e7a para a Terra.<\/p>\n<p>Os astr\u00f3nomos estimaram inicialmente o tamanho do seu n\u00facleo gelado em dezenas de quil\u00f3metros de di\u00e2metro, mas as observa\u00e7\u00f5es do Hubble reduziram-no para n\u00e3o mais de 5,6 quil\u00f3metros. De acordo com os cientistas, poder\u00e1 mesmo ser t\u00e3o pequeno como 320 metros.<\/p>\n<p>O cometa est\u00e1 a deslocar-se para n\u00f3s a 209.000 quil\u00f3metros por hora, mas vai aproximar-se mais de Marte do que da Terra, mantendo uma dist\u00e2ncia segura de ambos.<\/p>\n<p>Estava a 446 milh\u00f5es de quil\u00f3metros de dist\u00e2ncia quando foi fotografado pelo Hubble, h\u00e1 duas semanas.<\/p>\n<p>O telesc\u00f3pio em \u00f3rbita revelou uma nuvem de poeira em forma de l\u00e1grima \u00e0 volta do n\u00facleo, bem como vest\u00edgios de uma cauda poeirenta.<\/p>\n","protected":false},"excerpt":{"rendered":"De&amp;nbspEuronews&amp;nbspcom&amp;nbspAP Publicado a 08\/08\/2025 &#8211; 11:19 GMT+2 PUBLICIDADE O Telesc\u00f3pio Espacial Hubble captou a melhor imagem de sempre&hellip;\n","protected":false},"author":2,"featured_media":21582,"comment_status":"","ping_status":"","sticky":false,"template":"","format":"standard","meta":{"footnotes":""},"categories":[84],"tags":[7801,109,107,108,1008,4015,32,33,105,103,104,106,110],"class_list":{"0":"post-21581","1":"post","2":"type-post","3":"status-publish","4":"format-standard","5":"has-post-thumbnail","7":"category-ciencia-e-tecnologia","8":"tag-agencia-espacial-europeia","9":"tag-ciencia","10":"tag-ciencia-e-tecnologia","11":"tag-cienciaetecnologia","12":"tag-espaco","13":"tag-exoplanetas","14":"tag-portugal","15":"tag-pt","16":"tag-science","17":"tag-science-and-technology","18":"tag-scienceandtechnology","19":"tag-technology","20":"tag-tecnologia"},"share_on_mastodon":{"url":"","error":""},"_links":{"self":[{"href":"https:\/\/www.europesays.com\/pt\/wp-json\/wp\/v2\/posts\/21581","targetHints":{"allow":["GET"]}}],"collection":[{"href":"https:\/\/www.europesays.com\/pt\/wp-json\/wp\/v2\/posts"}],"about":[{"href":"https:\/\/www.europesays.com\/pt\/wp-json\/wp\/v2\/types\/post"}],"author":[{"embeddable":true,"href":"https:\/\/www.europesays.com\/pt\/wp-json\/wp\/v2\/users\/2"}],"replies":[{"embeddable":true,"href":"https:\/\/www.europesays.com\/pt\/wp-json\/wp\/v2\/comments?post=21581"}],"version-history":[{"count":0,"href":"https:\/\/www.europesays.com\/pt\/wp-json\/wp\/v2\/posts\/21581\/revisions"}],"wp:featuredmedia":[{"embeddable":true,"href":"https:\/\/www.europesays.com\/pt\/wp-json\/wp\/v2\/media\/21582"}],"wp:attachment":[{"href":"https:\/\/www.europesays.com\/pt\/wp-json\/wp\/v2\/media?parent=21581"}],"wp:term":[{"taxonomy":"category","embeddable":true,"href":"https:\/\/www.europesays.com\/pt\/wp-json\/wp\/v2\/categories?post=21581"},{"taxonomy":"post_tag","embeddable":true,"href":"https:\/\/www.europesays.com\/pt\/wp-json\/wp\/v2\/tags?post=21581"}],"curies":[{"name":"wp","href":"https:\/\/api.w.org\/{rel}","templated":true}]}}