{"id":215886,"date":"2026-01-05T13:22:21","date_gmt":"2026-01-05T13:22:21","guid":{"rendered":"https:\/\/www.europesays.com\/pt\/215886\/"},"modified":"2026-01-05T13:22:21","modified_gmt":"2026-01-05T13:22:21","slug":"alentejo-e-algarve-na-agenda-dos-candidatos-a-belem","status":"publish","type":"post","link":"https:\/\/www.europesays.com\/pt\/215886\/","title":{"rendered":"Alentejo e Algarve na agenda dos candidatos a Bel\u00e9m"},"content":{"rendered":"<p>                O candidato apoiado pelos partidos do Governo (PSP e CDS-PP) come\u00e7a o dia na conhecida feira do distrito de Aveiro, uma hora depois de a antiga l\u00edder do Bloco de Esquerda fazer o mesmo no arranque de uma jornada que a vai levar ao Crial-Centro de Recupera\u00e7\u00e3o Infantil de Almeirim, no distrito de Santar\u00e9m, da parte da tarde.<\/p>\n<p>Enquanto Catarina Martins tem apenas duas a\u00e7\u00f5es de campanha marcadas, Marques Mendes vai parar em Coimbra, para um almo\u00e7o na Casa dos Pobres, antes de rumar \u00e0 Guarda, onde ter\u00e1 um contacto com a popula\u00e7\u00e3o antes de participar no Jantar de Reis, na mesma cidade. <\/p>\n<p>Tamb\u00e9m na Guarda, mas de manh\u00e3, estar\u00e1 Jorge Pinto, o candidato apoiado pelo Livre, que faz campanha no centro da cidade mais alta de Portugal continental, pelas 11:30, seguindo depois para Nelas, no distrito de Viseu, onde vai visitar a Associa\u00e7\u00e3o dos ex-Trabalhadores das Minas de Ur\u00e2nio. <\/p>\n<p>Viseu est\u00e1 igualmente na agenda de Henrique Gouveia e Melo, que tem tr\u00eas a\u00e7\u00f5es de campanha naquele distrito: depois de visitar o Hospital de S\u00e3o Teot\u00f3nio, ter\u00e1 um contacto com a popula\u00e7\u00e3o no centro da cidade e, de seguida, encontrar-se-\u00e1 com apoiantes em Castro Daire. <\/p>\n<p>Al\u00e9m do interior, tamb\u00e9m o Alentejo integra a agenda de hoje do antigo chefe do Estado-Maior da Armada, que inicia o dia na Delta Caf\u00e9s, em Campo Maior, mantendo-se no distrito de Portalegre para visitar o Hospital Dr. Jos\u00e9 Maria Grande. <\/p>\n<p>Andr\u00e9 Ventura, l\u00edder do Chega, \u00e9 outro dos candidatos que escolheu paragens alentejanas para o segundo dia oficial de campanha : tem uma a\u00e7\u00e3o em Sines, no distrito de Set\u00fabal, \u00e0 hora de almo\u00e7o, e visita Vendas Novas, no distrito de \u00c9vora, pelas 18:00.<\/p>\n<p>Ant\u00f3nio Jos\u00e9 Seguro optou igualmente pelo Alentejo para arrancar a jornada, tendo um almo\u00e7o na Vidigueira, antes de rumar ao Algarve para a\u00e7\u00f5es de campanha em Loul\u00e9 e Portim\u00e3o. <\/p>\n<p>No sentido inverso ao antigo secret\u00e1rio-geral do PS estar\u00e1 Ant\u00f3nio Filipe (apoiado pelo PCP), que come\u00e7a o dia na cidade algarvia de Albufeira, onde almo\u00e7ar\u00e1 com apoiantes, e termina com um jantar em Gr\u00e2ndola, vila do distrito de Set\u00fabal.<\/p>\n<p>J\u00e1 Jo\u00e3o Cotrim Figueiredo mant\u00e9m-se &#8216;pr\u00f3ximo&#8217; da capital, visitando o Centro Social Interparoquial de Santar\u00e9m pela manh\u00e3 e participando no jogo &#8220;Bola para a Frente pelo Futuro de Portugal&#8221;, no Centro Desportivo da Alta de Lisboa, a partir das 21:00.<\/p>\n<p>Concorrem tamb\u00e9m \u00e0s elei\u00e7\u00f5es presidenciais de 18 de janeiro o sindicalista Andr\u00e9 Pestana, o pintor Humberto Correia e o m\u00fasico Manuel Jo\u00e3o Vieira. <\/p>\n<p>O vencedor deste sufr\u00e1gio vai suceder a Marcelo Rebelo de Sousa, eleito em 2016 e que termina o seu mandato em mar\u00e7o.<\/p>\n<p>Caso nenhum dos candidatos tenha maioria absoluta, haver\u00e1 uma segunda volta em 08 de fevereiro, \u00e0 qual concorrer\u00e3o apenas os dois candidatos mais votados. <\/p>\n","protected":false},"excerpt":{"rendered":"O candidato apoiado pelos partidos do Governo (PSP e CDS-PP) come\u00e7a o dia na conhecida feira do distrito&hellip;\n","protected":false},"author":2,"featured_media":215887,"comment_status":"","ping_status":"","sticky":false,"template":"","format":"standard","meta":{"footnotes":""},"categories":[10],"tags":[27,28,1677,2258,15,16,14,25,26,21,22,12,13,19,20,32,5215,3281,23,24,33,17,18,29,30,31],"class_list":{"0":"post-215886","1":"post","2":"type-post","3":"status-publish","4":"format-standard","5":"has-post-thumbnail","7":"category-portugal","8":"tag-breaking-news","9":"tag-breakingnews","10":"tag-campanha","11":"tag-eleicoes","12":"tag-featured-news","13":"tag-featurednews","14":"tag-headlines","15":"tag-latest-news","16":"tag-latestnews","17":"tag-main-news","18":"tag-mainnews","19":"tag-news","20":"tag-noticias","21":"tag-noticias-principais","22":"tag-noticiasprincipais","23":"tag-portugal","24":"tag-presidenciais","25":"tag-presidente","26":"tag-principais-noticias","27":"tag-principaisnoticias","28":"tag-pt","29":"tag-top-stories","30":"tag-topstories","31":"tag-ultimas","32":"tag-ultimas-noticias","33":"tag-ultimasnoticias"},"share_on_mastodon":{"url":"https:\/\/pubeurope.com\/@pt\/115842708031230079","error":""},"_links":{"self":[{"href":"https:\/\/www.europesays.com\/pt\/wp-json\/wp\/v2\/posts\/215886","targetHints":{"allow":["GET"]}}],"collection":[{"href":"https:\/\/www.europesays.com\/pt\/wp-json\/wp\/v2\/posts"}],"about":[{"href":"https:\/\/www.europesays.com\/pt\/wp-json\/wp\/v2\/types\/post"}],"author":[{"embeddable":true,"href":"https:\/\/www.europesays.com\/pt\/wp-json\/wp\/v2\/users\/2"}],"replies":[{"embeddable":true,"href":"https:\/\/www.europesays.com\/pt\/wp-json\/wp\/v2\/comments?post=215886"}],"version-history":[{"count":0,"href":"https:\/\/www.europesays.com\/pt\/wp-json\/wp\/v2\/posts\/215886\/revisions"}],"wp:featuredmedia":[{"embeddable":true,"href":"https:\/\/www.europesays.com\/pt\/wp-json\/wp\/v2\/media\/215887"}],"wp:attachment":[{"href":"https:\/\/www.europesays.com\/pt\/wp-json\/wp\/v2\/media?parent=215886"}],"wp:term":[{"taxonomy":"category","embeddable":true,"href":"https:\/\/www.europesays.com\/pt\/wp-json\/wp\/v2\/categories?post=215886"},{"taxonomy":"post_tag","embeddable":true,"href":"https:\/\/www.europesays.com\/pt\/wp-json\/wp\/v2\/tags?post=215886"}],"curies":[{"name":"wp","href":"https:\/\/api.w.org\/{rel}","templated":true}]}}