{"id":215961,"date":"2026-01-05T14:20:20","date_gmt":"2026-01-05T14:20:20","guid":{"rendered":"https:\/\/www.europesays.com\/pt\/215961\/"},"modified":"2026-01-05T14:20:20","modified_gmt":"2026-01-05T14:20:20","slug":"mae-galinha-furiosa-melania-trump-ameaca-jovens-modelos-que-estiveram-em-festoes-em-mar-a-lago-celebridades","status":"publish","type":"post","link":"https:\/\/www.europesays.com\/pt\/215961\/","title":{"rendered":"&#8216;M\u00e3e-galinha&#8217;! Furiosa, Melania Trump amea\u00e7a jovens modelos que estiveram em &#8216;fest\u00f5es&#8217; em Mar-a-Lago &#8211; Celebridades"},"content":{"rendered":"<p class=\"\">&#13;<br \/>\n        Melania Trump sempre colocou a privacidade do seu \u00fanico filho, Barron, acima de tudo. O jovem, agora com 19 anos, sempre foi <b>extremamente protegido dos olhares p\u00fablicos<\/b>, especialmente a partir do primeiro mandato presidencial do pai, Donald Trump, em 2016.&#13;\n    <\/p>\n<p class=\"\">&#13;<br \/>\n        \u00c0 medida que o jovem cresce e se aventura numa vida mais independente dos pais, <b>o desafio come\u00e7a a ser maior.<\/b> Ainda assim, se h\u00e1 s\u00edtio onde Melania n\u00e3o descura a privacidade do filho \u00e9 <b>debaixo do seu pr\u00f3prio teto.<\/b> &#13;\n    <\/p>\n<p class=\"\">&#13;<br \/>\n        Recentemente foram divulgadas<b> imagens de Barron em Mar-a-Lago<\/b>, a propriedade multimilion\u00e1ria dos Trump na Florida, o que <b>deixou a primeira-dama &#8220;horrorizada&#8221;<\/b>, de acordo com o &#8216;Radar Online&#8217;.&#13;\n    <\/p>\n<p class=\"\">&#13;<br \/>\n        Segundo fontes do site, ter\u00e3o sido <b>duas jovens modelos e influenciadoras digitais<\/b> a partilhar nas suas redes sociais as fotografias de Barron a divertir-se<b> nas mais recentes festas do Dia de A\u00e7\u00e3o de Gra\u00e7as, Natal e Ano Novo em Mar-a-Lago<\/b>, onde as duas tamb\u00e9m marcaram presen\u00e7a e at\u00e9 tiraram <b>fotografias com o casal presidencial.\u00a0<\/b>&#13;\n    <\/p>\n<p>                            &#13;<br \/>\n                                <img decoding=\"async\" src=\"https:\/\/www.europesays.com\/pt\/wp-content\/uploads\/2026\/01\/img_590x373uu2026-01-05-10-27-18-399150-im-639032056627326459.jpg\" loading=\"lazy\" class=\"img-responsive\" alt=\"Abla Sofy e Valeria Sokolova em diferentes festas de Mar-a-Lago\"\/>&#13;<\/p>\n<p>&#13;<br \/>\n                                Abla Sofy e Valeria Sokolova em diferentes festas de Mar-a-Lago&#13;\n                            <\/p>\n<p class=\"\">&#13;<br \/>\n        <b>Valeria Sokolova e Abla Sofy<\/b> faziam parte da lista de convidados destes &#8216;fest\u00f5es&#8217; anuais dos Trump, que, al\u00e9m de celebridades e outras figuras p\u00fablicas convidam sempre <b>membros do exclusivo clube social de Mar-a-Lago.<\/b>&#13;\n    <\/p>\n<p class=\"\">&#13;<br \/>\n        Agora, Melania est\u00e1 a amea\u00e7ar <b>bani-las da propriedade&#8230; para sempre.<\/b> &#13;\n    <\/p>\n<p class=\"\">&#13;<br \/>\n        &#8220;Melania deixou muito claro que <b>a privacidade do Barron n\u00e3o \u00e9 negoci\u00e1vel. <\/b><b>Qualquer pessoa que seja apanhada a filmar ou a tirar fotografias vai enfrentar consequ\u00eancias imediatas, incluindo a expuls\u00e3o do clube<\/b>&#8220;, revelou Rob Shuter ao &#8216;Radar Online&#8217;.&#13;\n    <\/p>\n<p class=\"\">&#13;<br \/>\n        <b>Criado na extravagante Trump Tower, em Manhattan, Nova Iorque<\/b>, na qual ocupa todo um piso com vista para o Central Park, Barron andou na prestigiada Columbia Grammar and Preparatory School, cuja mensalidade custa cerca de cinco mil euros, e na exclusiva St. Andrew&#8217;s Episcopal School, em Maryland, que ficava bem perto da Casa Branca e cuja mensalidade \u00e9 semelhante \u00e0 anterior.&#13;\n    <\/p>\n<p class=\"\">&#13;<br \/>\n        Terminou o ensino secund\u00e1rio em 2023 na academia de elite Oxbridge Academy, na Florida e, no ano passado, <b>transferiu-se para o ramo de Washington da Universidade de Nova Iorque para estar mais perto dos pais, vivendo atualmente na Casa Branca.<\/b>&#13;\n    <\/p>\n<p class=\"\">&#13;<br \/>\n        O casal Trump mostra assim apostar fortemente na educa\u00e7\u00e3o do &#8216;benjamim&#8217; da fam\u00edlia, para que, possivelmente, um dia possa seguir os passos do pai e tornar-se empres\u00e1rio ou at\u00e9 um magnata de sucesso.&#13;\n    <\/p>\n<p>        &#13;<br \/>\n            Saber mais sobre&#13;<br \/>\n            &#13;<br \/>\n            &#13;<\/p>\n<p>    &#13;<br \/>\n        &#13;<br \/>\n        &#13;<br \/>\n&#13;<\/p>\n","protected":false},"excerpt":{"rendered":"&#13; Melania Trump sempre colocou a privacidade do seu \u00fanico filho, Barron, acima de tudo. O jovem, agora&hellip;\n","protected":false},"author":2,"featured_media":215962,"comment_status":"","ping_status":"","sticky":false,"template":"","format":"standard","meta":{"footnotes":""},"categories":[145],"tags":[7558,5914,211,210,92,114,115,42045,6831,41138,40607,10136,1035,52,32,552,33,42044,42046],"class_list":{"0":"post-215961","1":"post","2":"type-post","3":"status-publish","4":"format-standard","5":"has-post-thumbnail","7":"category-celebridades","8":"tag-ano-novo","9":"tag-casa-branca","10":"tag-celebridades","11":"tag-celebrities","12":"tag-donald-trump","13":"tag-entertainment","14":"tag-entretenimento","15":"tag-estacao-st-andrew","16":"tag-festa","17":"tag-industria-cinematografica","18":"tag-mar-a-lago","19":"tag-melania-trump","20":"tag-nova-iorque","21":"tag-politica","22":"tag-portugal","23":"tag-privacidade","24":"tag-pt","25":"tag-radar-online","26":"tag-trump-tower"},"share_on_mastodon":{"url":"https:\/\/pubeurope.com\/@pt\/115842935949148503","error":""},"_links":{"self":[{"href":"https:\/\/www.europesays.com\/pt\/wp-json\/wp\/v2\/posts\/215961","targetHints":{"allow":["GET"]}}],"collection":[{"href":"https:\/\/www.europesays.com\/pt\/wp-json\/wp\/v2\/posts"}],"about":[{"href":"https:\/\/www.europesays.com\/pt\/wp-json\/wp\/v2\/types\/post"}],"author":[{"embeddable":true,"href":"https:\/\/www.europesays.com\/pt\/wp-json\/wp\/v2\/users\/2"}],"replies":[{"embeddable":true,"href":"https:\/\/www.europesays.com\/pt\/wp-json\/wp\/v2\/comments?post=215961"}],"version-history":[{"count":0,"href":"https:\/\/www.europesays.com\/pt\/wp-json\/wp\/v2\/posts\/215961\/revisions"}],"wp:featuredmedia":[{"embeddable":true,"href":"https:\/\/www.europesays.com\/pt\/wp-json\/wp\/v2\/media\/215962"}],"wp:attachment":[{"href":"https:\/\/www.europesays.com\/pt\/wp-json\/wp\/v2\/media?parent=215961"}],"wp:term":[{"taxonomy":"category","embeddable":true,"href":"https:\/\/www.europesays.com\/pt\/wp-json\/wp\/v2\/categories?post=215961"},{"taxonomy":"post_tag","embeddable":true,"href":"https:\/\/www.europesays.com\/pt\/wp-json\/wp\/v2\/tags?post=215961"}],"curies":[{"name":"wp","href":"https:\/\/api.w.org\/{rel}","templated":true}]}}