{"id":21599,"date":"2025-08-08T20:18:16","date_gmt":"2025-08-08T20:18:16","guid":{"rendered":"https:\/\/www.europesays.com\/pt\/21599\/"},"modified":"2025-08-08T20:18:16","modified_gmt":"2025-08-08T20:18:16","slug":"evite-planos-ao-ar-livre-nestas-8-cidades","status":"publish","type":"post","link":"https:\/\/www.europesays.com\/pt\/21599\/","title":{"rendered":"\u201cevite planos ao ar livre nestas 8 cidades\u201d"},"content":{"rendered":"<p> <img decoding=\"async\" fetchpriority=\"high\" src=\"https:\/\/www.europesays.com\/pt\/wp-content\/uploads\/2025\/08\/dailymotion-x9oei6o_1024.jpg\"  width=\"768\" height=\"432\" id=\"x9oei6o\"\/>  <\/p>\n<p>O arranque da pr\u00f3xima semana trar\u00e1 consigo um aumento significativo das temperaturas, especialmente no Sul do pa\u00eds, onde os term\u00f3metros podem ultrapassar os 43\u00baC em diversos locais.<\/p>\n<p>    <img decoding=\"async\" fetchpriority=\"high\" src=\"https:\/\/www.europesays.com\/pt\/wp-content\/uploads\/2025\/08\/joana-campos.jpg\" alt=\"Joana Campos\" width=\"40\" height=\"40\"\/>    <a class=\"nombre text-hv\" href=\"https:\/\/www.tempo.pt\/autor\/joana-campos\/\" title=\"Joana Campos\" rel=\"nofollow noopener\" target=\"_blank\">Joana Campos<\/a>        08\/08\/2025 16:09   5 min   <\/p>\n<p><strong>Os term\u00f3metros v\u00e3o voltar a subir de forma expressiva<\/strong>, principalmente na regi\u00e3o Sul do pa\u00eds. Nos \u00faltimos dias temos assistido a valores elevados de temperatura um pouco por todo o territ\u00f3rio, mas a Regi\u00e3o Norte tem sido a mais fustigada, tendo levado o IPMA a emitir avisos vermelhos para todos os distritos. Neste momento, esse aviso est\u00e1 em vigor para <a href=\"https:\/\/www.tempo.pt\/vila-real-provincia.htm\" data-mrf-recirculation=\"cuerpo_intext\" rel=\"nofollow noopener\" target=\"_blank\">Vila Real<\/a> e <a href=\"https:\/\/www.tempo.pt\/braganca-provincia.htm\" data-mrf-recirculation=\"cuerpo_intext\" rel=\"nofollow noopener\" target=\"_blank\">Bragan\u00e7a<\/a>, apenas.<\/p>\n<p>Seja o primeiro a receber as previs\u00f5es gra\u00e7as ao <a href=\"https:\/\/www.whatsapp.com\/channel\/0029VaxX6njIyPtRY4lOMd1b\" target=\"_blank\" rel=\"nofollow noopener\">nosso canal do WhatsApp<\/a>. Siga-nos e ative as notifica\u00e7\u00f5es.<\/p>\n<p>Contudo, o cen\u00e1rio vai inverter-se. <strong>Os valores de temperatura m\u00e1xima v\u00e3o diminuir ligeiramente no Norte<\/strong>, mesmo nas zonas tendencialmente mais quentes, <strong>e v\u00e3o aumentar de forma significativa no Sul<\/strong>. Tanto o modelo europeu como o americano mostram valores acima dos 43\u00baC em v\u00e1rios locais do Alentejo.<\/p>\n<p>Com o calor extremo devemos evitar a exposi\u00e7\u00e3o solar e n\u00e3o s\u00f3<\/p>\n<p>Segundo a Dire\u00e7\u00e3o Geral de Sa\u00fade (DGS), h\u00e1 uma s\u00e9rie de cuidados extra a ter em conta quando as temperaturas sobem. Entre eles, \u00e9 recomendado &#8220;procurar ambientes frescos e arejados, beber \u00e1gua ou sumos naturais com regularidade e mesmo que n\u00e3o tenha sede, <strong>evitar a exposi\u00e7\u00e3o direta ao sol nas horas de maior calor<\/strong>, nomeadamente entre as 11h e as 17 horas, <strong>evitar atividades que exijam grandes esfor\u00e7os f\u00edsicos<\/strong>, como desporto ou atividades de lazer <strong>no exterior<\/strong>&#8220;.<\/p>\n<p><img loading=\"lazy\" decoding=\"async\" fetchpriority=\"low\" class=\"lazy \" src=\"https:\/\/www.europesays.com\/pt\/wp-content\/uploads\/2025\/08\/calor-recorde-ameaca-portugal-e-joana-campos-avisa-evite-planos-ao-ar-livre-nestas-5-cidades-1754664.png\"  width=\"768\" height=\"432\" alt=\"\u00edndice UV\" title=\"\u00edndice UV\" data-image=\"0trkneph9966\"\/>Em dias de muito sol, o \u00edndice de raios Ultravioleta dispara. Durante o fim de semana, o mesmo poder\u00e1 chegar ao 10, que equivale a um risco muito elevado para exposi\u00e7\u00e3o solar.<\/p>\n<p>A perman\u00eancia em locais exteriores sem qualquer cuidado ou prote\u00e7\u00e3o em rela\u00e7\u00e3o ao calor, pode resultar em <strong>desidrata\u00e7\u00e3o grave<\/strong>, c\u00e3ibras, agravamento de doen\u00e7as cr\u00f3nicas, esgotamento devido ao calor,<strong> insola\u00e7\u00e3o e at\u00e9 mesmo morte<\/strong>. Segundo a Organiza\u00e7\u00e3o Mundial de Sa\u00fade (OMS),<strong> todos os anos morrem cerca de 175 mil pessoas devido ao calor extremo na regi\u00e3o europeia da mesma<\/strong>, que conta com 53 estados-membros, abrangido a Uni\u00e3o Europeia e outros pa\u00edses da Europa e \u00c1sia Central.<\/p>\n<p>No arranque da pr\u00f3xima semana, para quem vive nestes locais, evite sair de casa<\/p>\n<p><strong>A partir de segunda-feira, principalmente, as temperaturas v\u00e3o subir no Sul do pa\u00eds<\/strong>. O Baixo Alentejo poder\u00e1 contar com valores at\u00e9 41\u00baC, sendo que no resto da regi\u00e3o alentejana esperam-se valores acima dos 37\u00baC. <\/p>\n<p>No entanto, <strong>ser\u00e1 na ter\u00e7a-feira que o cen\u00e1rio ir\u00e1 agravar<\/strong>. Para al\u00e9m de se esperar uma subida das temperaturas em todo o pa\u00eds, <strong>no Sul este aumento poder\u00e1 resultar num calor abrasador<\/strong>, onde ambos os modelos, europeu e americano, mostram valores acima dos 43\u00baC, desde o Ribatejo ao Alentejo.<\/p>\n<p><img loading=\"lazy\" decoding=\"async\" fetchpriority=\"low\" class=\"lazy \" src=\"https:\/\/www.europesays.com\/pt\/wp-content\/uploads\/2025\/08\/calor-recorde-ameaca-portugal-e-joana-campos-avisa-evite-planos-ao-ar-livre-nestas-8-cidades-1754665.png\"  width=\"768\" height=\"432\" alt=\"temperatura do ar \u00e0 superf\u00edcie\" title=\"temperatura do ar \u00e0 superf\u00edcie\" data-image=\"b8umiakl0l87\"\/>Ter\u00e7a-feira poder\u00e1 ser um dos dias mais quentes da pr\u00f3xima semana. Ambos os modelos de previs\u00e3o, europeu e americano, mostram valores acima dos 43\u00baC para o Ribatejo e Alentejo.<\/p>\n<p>Segundo o nosso modelo de refer\u00eancia,<strong> ECMWF<\/strong>, <strong>os valores mais elevados<\/strong> poder\u00e3o registar-se nas zonas de <a href=\"https:\/\/www.tempo.pt\/ferreira-do-alentejo.htm\" data-mrf-recirculation=\"cuerpo_intext\" rel=\"nofollow noopener\" target=\"_blank\">Ferreira do Alentejo<\/a>, Moura, <a href=\"https:\/\/www.tempo.pt\/serpa.htm\" data-mrf-recirculation=\"cuerpo_intext\" rel=\"nofollow noopener\" target=\"_blank\">Serpa<\/a> e M\u00e9rtola, podendo o merc\u00fario <strong>subir at\u00e9 aos 44\u00baC<\/strong>.<\/p>\n<p>J\u00e1 em rela\u00e7\u00e3o ao modelo americano,<strong> GFS<\/strong>, os valores mais elevados poder\u00e3o ser registados nas \u00e1reas de Mora, Avis, <a href=\"https:\/\/www.tempo.pt\/ponte-de-sor.htm\" data-mrf-recirculation=\"cuerpo_intext\" rel=\"nofollow noopener\" target=\"_blank\">Ponte de Sor<\/a> e Abrantes. Estes <strong>poder\u00e3o chegar aos 45\u00baC<\/strong>!<\/p>\n<p>Com isto,<strong> aconselhamos, por todos os motivos explicados acima, que se mantenha resguardado e que evite sair de casa<\/strong>, fazendo-o s\u00f3 para o que for extremamente necess\u00e1rio e caso o fa\u00e7a, <strong>cumpra com as recomenda\u00e7\u00f5es da DGS<\/strong>, principalmente no que \u00e0 hidrata\u00e7\u00e3o e prote\u00e7\u00e3o solar diz respeito.<\/p>\n<p>\u00c9 necess\u00e1ria precau\u00e7\u00e3o noutras regi\u00f5es do pa\u00eds<\/p>\n<p>Apesar de as temperaturas mais elevadas poderem ser sentidas no Sul so pa\u00eds, <strong>toda a faixa interior estar\u00e1 exposta a temperaturas na ordem dos 40\u00baC<\/strong>, de Norte a Sul, e mesmo na faixa litoral os valores v\u00e3o aumentar, sendo <strong>esperados valores acima dos 30\u00baC em praticamente toda a geografia continental<\/strong>.<\/p>\n<p><a class=\"imagen \" href=\"https:\/\/www.tempo.pt\/noticias\/previsao\/ipma-emite-novos-avisos-todos-os-distritos-do-continente-e-duas-regioes-da-madeira-estarao-sob-aviso-devido-ao-calor.html\" title=\"IPMA emite novos avisos: todos os distritos do continente e duas regi\u00f5es da Madeira estar\u00e3o sob aviso devido ao calor\" rel=\"nofollow noopener\" target=\"_blank\"><img loading=\"lazy\" decoding=\"async\" fetchpriority=\"low\" class=\"lazy img-body non-editable\" src=\"https:\/\/www.europesays.com\/pt\/wp-content\/uploads\/2025\/08\/ipma-emite-novos-avisos-todos-os-distritos-do-continente-e-duas-regioes-da-madeira-estarao-sob-aviso.png\"  width=\"320\" height=\"225\" alt=\"IPMA emite novos avisos: todos os distritos do continente e duas regi\u00f5es da Madeira estar\u00e3o sob aviso devido ao calor\"\/><\/a><\/p>\n<p>Desta forma, <strong>todos os conselhos supracitados se estendem a estas \u00e1reas<\/strong>, pois apesar de as temperaturas n\u00e3o serem t\u00e3o elevadas, acabam por s\u00ea-lo na mesma e <strong>exigem cuidados, especialmente nos grupos mais vulner\u00e1veis da nossa popula\u00e7\u00e3o<\/strong>, como as crian\u00e7as, idosos e pessoas com doen\u00e7as cardio-respirat\u00f3rias.<\/p>\n","protected":false},"excerpt":{"rendered":"O arranque da pr\u00f3xima semana trar\u00e1 consigo um aumento significativo das temperaturas, especialmente no Sul do pa\u00eds, onde&hellip;\n","protected":false},"author":2,"featured_media":21600,"comment_status":"","ping_status":"","sticky":false,"template":"","format":"standard","meta":{"footnotes":""},"categories":[10],"tags":[7807,27,28,4110,15,16,14,25,26,21,22,606,12,13,19,20,32,4834,23,24,33,7806,17,18,29,30,31],"class_list":{"0":"post-21599","1":"post","2":"type-post","3":"status-publish","4":"format-standard","5":"has-post-thumbnail","7":"category-portugal","8":"tag-anomalia-termica","9":"tag-breaking-news","10":"tag-breakingnews","11":"tag-calor-extremo","12":"tag-featured-news","13":"tag-featurednews","14":"tag-headlines","15":"tag-latest-news","16":"tag-latestnews","17":"tag-main-news","18":"tag-mainnews","19":"tag-meteorologia","20":"tag-news","21":"tag-noticias","22":"tag-noticias-principais","23":"tag-noticiasprincipais","24":"tag-portugal","25":"tag-previsao-tempo","26":"tag-principais-noticias","27":"tag-principaisnoticias","28":"tag-pt","29":"tag-temperatura","30":"tag-top-stories","31":"tag-topstories","32":"tag-ultimas","33":"tag-ultimas-noticias","34":"tag-ultimasnoticias"},"share_on_mastodon":{"url":"","error":""},"_links":{"self":[{"href":"https:\/\/www.europesays.com\/pt\/wp-json\/wp\/v2\/posts\/21599","targetHints":{"allow":["GET"]}}],"collection":[{"href":"https:\/\/www.europesays.com\/pt\/wp-json\/wp\/v2\/posts"}],"about":[{"href":"https:\/\/www.europesays.com\/pt\/wp-json\/wp\/v2\/types\/post"}],"author":[{"embeddable":true,"href":"https:\/\/www.europesays.com\/pt\/wp-json\/wp\/v2\/users\/2"}],"replies":[{"embeddable":true,"href":"https:\/\/www.europesays.com\/pt\/wp-json\/wp\/v2\/comments?post=21599"}],"version-history":[{"count":0,"href":"https:\/\/www.europesays.com\/pt\/wp-json\/wp\/v2\/posts\/21599\/revisions"}],"wp:featuredmedia":[{"embeddable":true,"href":"https:\/\/www.europesays.com\/pt\/wp-json\/wp\/v2\/media\/21600"}],"wp:attachment":[{"href":"https:\/\/www.europesays.com\/pt\/wp-json\/wp\/v2\/media?parent=21599"}],"wp:term":[{"taxonomy":"category","embeddable":true,"href":"https:\/\/www.europesays.com\/pt\/wp-json\/wp\/v2\/categories?post=21599"},{"taxonomy":"post_tag","embeddable":true,"href":"https:\/\/www.europesays.com\/pt\/wp-json\/wp\/v2\/tags?post=21599"}],"curies":[{"name":"wp","href":"https:\/\/api.w.org\/{rel}","templated":true}]}}