{"id":215999,"date":"2026-01-05T14:46:10","date_gmt":"2026-01-05T14:46:10","guid":{"rendered":"https:\/\/www.europesays.com\/pt\/215999\/"},"modified":"2026-01-05T14:46:10","modified_gmt":"2026-01-05T14:46:10","slug":"condenado-a-seis-anos-por-tentativa-de-homicidio-em-caso-de-rendas-em-atraso","status":"publish","type":"post","link":"https:\/\/www.europesays.com\/pt\/215999\/","title":{"rendered":"Condenado a seis anos por tentativa de homic\u00eddio em caso de rendas em atraso"},"content":{"rendered":"<p data-remotead-prev-elm=\"true\" data-remotead-elm-id=\"inread\">O caso ocorreu em Beringel, no concelho de Beja, a 12 de julho de 2023. Hassan Oubella, agora com 25 anos e de naconalidade marroquina, envolveu-se, com outros jovens, numa discuss\u00e3o com um casal que era dono da habita\u00e7\u00e3o que aqueles ocupavam, por motivos relacionados com a falta de pagamento de rendas do im\u00f3vel.<\/p>\n<p>&#8220;Mau nome \u00e0 imigra\u00e7\u00e3o&#8221;<\/p>\n<p>Na leitura do ac\u00f3rd\u00e3o, o juiz considerou que ficou provado que, quando o grupo invetivava o propriet\u00e1rio da habita\u00e7\u00e3o, &#8220;foi o arguido que puxou de uma faca de cozinha que trazia consigo e espetou-a no pesco\u00e7o da v\u00edtima&#8221;. &#8220;S\u00e3o pessoas como voc\u00ea que d\u00e3o mau nome \u00e0 imigra\u00e7\u00e3o, ainda que seja um caso isolado&#8221;, disse.<\/p>\n<p>Ap\u00f3s o crime, o arguido teve de entregar o passaporte e ficou obrigado a apresentar-se todos os dias \u00e0s autoridades, mas desapareceu da regi\u00e3o. Seria localizado dois anos depois, numa investiga\u00e7\u00e3o da PJ do Porto, por estar ilegal em territ\u00f3rio nacional. Por n\u00e3o ter passaporte, tentou fazer a sua identifica\u00e7\u00e3o pelo telem\u00f3vel, exibindo um documento com uma fotografia desfocada.<\/p>\n<p>Pelo incumprimento da medida de coa\u00e7\u00e3o do juiz de instru\u00e7\u00e3o, o arguido foi colocado no Centro de Deten\u00e7\u00e3o de Imigrantes, da Unidade Habitacional de Santo Ant\u00f3nio, no Porto. Agora vai aguardar, no Estabelecimento Prisional de Beja, o tr\u00e2nsito em julgado do ac\u00f3rd\u00e3o de Beja. A defesa prometeu recorrer da pena.<\/p>\n","protected":false},"excerpt":{"rendered":"O caso ocorreu em Beringel, no concelho de Beja, a 12 de julho de 2023. Hassan Oubella, agora&hellip;\n","protected":false},"author":2,"featured_media":216000,"comment_status":"","ping_status":"","sticky":false,"template":"","format":"standard","meta":{"footnotes":""},"categories":[10],"tags":[27,28,15,16,14,603,25,26,21,22,12,13,19,20,32,23,24,33,17,18,29,30,31],"class_list":{"0":"post-215999","1":"post","2":"type-post","3":"status-publish","4":"format-standard","5":"has-post-thumbnail","7":"category-portugal","8":"tag-breaking-news","9":"tag-breakingnews","10":"tag-featured-news","11":"tag-featurednews","12":"tag-headlines","13":"tag-justica","14":"tag-latest-news","15":"tag-latestnews","16":"tag-main-news","17":"tag-mainnews","18":"tag-news","19":"tag-noticias","20":"tag-noticias-principais","21":"tag-noticiasprincipais","22":"tag-portugal","23":"tag-principais-noticias","24":"tag-principaisnoticias","25":"tag-pt","26":"tag-top-stories","27":"tag-topstories","28":"tag-ultimas","29":"tag-ultimas-noticias","30":"tag-ultimasnoticias"},"share_on_mastodon":{"url":"https:\/\/pubeurope.com\/@pt\/115843039529789075","error":""},"_links":{"self":[{"href":"https:\/\/www.europesays.com\/pt\/wp-json\/wp\/v2\/posts\/215999","targetHints":{"allow":["GET"]}}],"collection":[{"href":"https:\/\/www.europesays.com\/pt\/wp-json\/wp\/v2\/posts"}],"about":[{"href":"https:\/\/www.europesays.com\/pt\/wp-json\/wp\/v2\/types\/post"}],"author":[{"embeddable":true,"href":"https:\/\/www.europesays.com\/pt\/wp-json\/wp\/v2\/users\/2"}],"replies":[{"embeddable":true,"href":"https:\/\/www.europesays.com\/pt\/wp-json\/wp\/v2\/comments?post=215999"}],"version-history":[{"count":0,"href":"https:\/\/www.europesays.com\/pt\/wp-json\/wp\/v2\/posts\/215999\/revisions"}],"wp:featuredmedia":[{"embeddable":true,"href":"https:\/\/www.europesays.com\/pt\/wp-json\/wp\/v2\/media\/216000"}],"wp:attachment":[{"href":"https:\/\/www.europesays.com\/pt\/wp-json\/wp\/v2\/media?parent=215999"}],"wp:term":[{"taxonomy":"category","embeddable":true,"href":"https:\/\/www.europesays.com\/pt\/wp-json\/wp\/v2\/categories?post=215999"},{"taxonomy":"post_tag","embeddable":true,"href":"https:\/\/www.europesays.com\/pt\/wp-json\/wp\/v2\/tags?post=215999"}],"curies":[{"name":"wp","href":"https:\/\/api.w.org\/{rel}","templated":true}]}}