{"id":216011,"date":"2026-01-05T14:54:07","date_gmt":"2026-01-05T14:54:07","guid":{"rendered":"https:\/\/www.europesays.com\/pt\/216011\/"},"modified":"2026-01-05T14:54:07","modified_gmt":"2026-01-05T14:54:07","slug":"benfica-antonio-silva-faz-treino-condicionado-a-dois-dias-do-sp-braga","status":"publish","type":"post","link":"https:\/\/www.europesays.com\/pt\/216011\/","title":{"rendered":"Benfica: Ant\u00f3nio Silva faz treino condicionado a dois dias do Sp. Braga"},"content":{"rendered":"<p>O Benfica cumpriu nesta segunda-feira o pen\u00faltimo treino antes do jogo da Ta\u00e7a da Liga com o Sp. Braga.<\/p>\n<p>Durante os 15 minutos abertos aos jornalistas, Ant\u00f3nio Silva, que recupera de um edema provocado por uma contus\u00e3o muscular na coxa direita, trabalhou condicionado, enquanto Fredrik Aursnes, que foi gerido na rece\u00e7\u00e3o ao Estoril, trabalhou sem aparentes limita\u00e7\u00f5es.<\/p>\n<p>De fora, entregues ao departamento m\u00e9dico das \u00e1guias estiveram oito jogadores: Bah, Bruma, Samuel Soares, Nuno F\u00e9lix, Enzo Barrenechea, Jo\u00e3o Veloso, Lukebakio e Joshua Wynder.<\/p>\n<p>De referir ainda que Diogo Prioste, Jo\u00e3o Rego, Rodrigo R\u00eago e Jos\u00e9 Neto n\u00e3o estiveram \u00e0s ordens de Jos\u00e9 Mourinho, j\u00e1 que est\u00e3o integrados com a equipa B, que defronta esta segunda-feira \u00e0 tarde o FC Porto B no Seixal. Para colmatar essas aus\u00eancias, o t\u00e9cnico das \u00e1guias chamou os sub-17 Leonardo Lopes, Steven Manuel e Gil Neves.<\/p>\n","protected":false},"excerpt":{"rendered":"O Benfica cumpriu nesta segunda-feira o pen\u00faltimo treino antes do jogo da Ta\u00e7a da Liga com o Sp.&hellip;\n","protected":false},"author":2,"featured_media":216012,"comment_status":"","ping_status":"","sticky":false,"template":"","format":"standard","meta":{"footnotes":""},"categories":[87],"tags":[51,135,46,32,33,47,1233,134,5344,29489,3990],"class_list":{"0":"post-216011","1":"post","2":"type-post","3":"status-publish","4":"format-standard","5":"has-post-thumbnail","7":"category-desporto","8":"tag-benfica","9":"tag-desporto","10":"tag-maisfutebol","11":"tag-portugal","12":"tag-pt","13":"tag-pura-paixao","14":"tag-sp-braga","15":"tag-sports","16":"tag-taca-da-liga","17":"tag-taca-liga","18":"tag-treino-benfica"},"share_on_mastodon":{"url":"https:\/\/pubeurope.com\/@pt\/115843069611004285","error":""},"_links":{"self":[{"href":"https:\/\/www.europesays.com\/pt\/wp-json\/wp\/v2\/posts\/216011","targetHints":{"allow":["GET"]}}],"collection":[{"href":"https:\/\/www.europesays.com\/pt\/wp-json\/wp\/v2\/posts"}],"about":[{"href":"https:\/\/www.europesays.com\/pt\/wp-json\/wp\/v2\/types\/post"}],"author":[{"embeddable":true,"href":"https:\/\/www.europesays.com\/pt\/wp-json\/wp\/v2\/users\/2"}],"replies":[{"embeddable":true,"href":"https:\/\/www.europesays.com\/pt\/wp-json\/wp\/v2\/comments?post=216011"}],"version-history":[{"count":0,"href":"https:\/\/www.europesays.com\/pt\/wp-json\/wp\/v2\/posts\/216011\/revisions"}],"wp:featuredmedia":[{"embeddable":true,"href":"https:\/\/www.europesays.com\/pt\/wp-json\/wp\/v2\/media\/216012"}],"wp:attachment":[{"href":"https:\/\/www.europesays.com\/pt\/wp-json\/wp\/v2\/media?parent=216011"}],"wp:term":[{"taxonomy":"category","embeddable":true,"href":"https:\/\/www.europesays.com\/pt\/wp-json\/wp\/v2\/categories?post=216011"},{"taxonomy":"post_tag","embeddable":true,"href":"https:\/\/www.europesays.com\/pt\/wp-json\/wp\/v2\/tags?post=216011"}],"curies":[{"name":"wp","href":"https:\/\/api.w.org\/{rel}","templated":true}]}}