{"id":216076,"date":"2026-01-05T15:42:10","date_gmt":"2026-01-05T15:42:10","guid":{"rendered":"https:\/\/www.europesays.com\/pt\/216076\/"},"modified":"2026-01-05T15:42:10","modified_gmt":"2026-01-05T15:42:10","slug":"a-xreal-aparece-na-ces-para-apresentar-novos-oculos-ar-e-power-hub","status":"publish","type":"post","link":"https:\/\/www.europesays.com\/pt\/216076\/","title":{"rendered":"A XReal aparece na CES para apresentar novos \u00f3culos AR e power hub &#8211;"},"content":{"rendered":"<p>Para marcar o retorno da CES, especialistas em realidade aumentada XReal apareceram para <a href=\"https:\/\/www.prnewswire.com\/news-releases\/xreal-expands-its-dominant-one-series-ar-ecosystem-with-new-1s-glasses-boasting-1200p-optics-and-neo-power-hub-302651929.html\" target=\"_blank\" rel=\"nofollow noopener\">apresentar ao mundo<\/a> um novo par de \u00f3culos de entrada que servir\u00e3o como uma &#8220;atualiza\u00e7\u00e3o de meio de gera\u00e7\u00e3o e substituto de mercado&#8221; para o XReal One, mas tamb\u00e9m como um &#8220;novo padr\u00e3o para \u00f3culos AR de entrada&#8221;.<\/p>\n<p>Conhecidos como XReal 1S, esses \u00f3culos expandem o modelo anterior ao apresentar uma tela espacial de 171 polegadas que opera em resolu\u00e7\u00e3o FullHD de 1200p (acima de 1080p). Tamb\u00e9m possui uma tela mais brilhante, que alcan\u00e7a 700 nits (acima dos 600 nits), al\u00e9m de expandir a cobertura RGB de 100% para 108%, expandindo ainda mais o campo de vis\u00e3o em 2% para chegar a 52% e atualizando a propor\u00e7\u00e3o de aspecto de 16&#215;9 para 16&#215;10. Tudo isso mantendo uma taxa de atualiza\u00e7\u00e3o de 120Hz e conseguindo oferecer um pre\u00e7o base menor em rela\u00e7\u00e3o ao modelo anterior, reduzindo de $499 para $449.<\/p>\n<p>Al\u00e9m disso, vem a chegada do XReal Neo, um hub que serve como power bank e um hub de v\u00eddeo DisplayPort para os \u00f3culos. Ele tem capacidade de 10.000 mAh, suporte a USB-C e at\u00e9 oferece op\u00e7\u00f5es de conex\u00e3o com os Nintendo Switch 1 e 2. Ele ser\u00e1 vendido por $119 a longo prazo e come\u00e7ar\u00e1 a ser enviado em fevereiro.<\/p>\n<p><img loading=\"lazy\" decoding=\"async\" id=\"img-1537743-4774693\" data-fullsize=\"\/media\/46\/xrealappearsces_4774693b.jpg\" data-lazy=\"\" src=\"https:\/\/www.gamereactor.pthttps:\/\/www.gamereactor.pt\/media\/46\/xrealappearsces_4774693_650x.jpg\" width=\"650\" onclick=\"if (!window.__cfRLUnblockHandlers) return false; gallery_openmodal('1537743','4774693',false,'9dbffba2a03b29811719318b20070b4a');\" height=\"650\" alt=\"A XReal aparece na CES para apresentar novos \u00f3culos AR e power hub\" class=\"rwd_col_content lazy\" data-cf-modified-5441b7b3cd50951706443522-=\"\"\/><\/p>\n","protected":false},"excerpt":{"rendered":"Para marcar o retorno da CES, especialistas em realidade aumentada XReal apareceram para apresentar ao mundo um novo&hellip;\n","protected":false},"author":2,"featured_media":216077,"comment_status":"","ping_status":"","sticky":false,"template":"","format":"standard","meta":{"footnotes":""},"categories":[84],"tags":[109,107,108,32,33,105,103,104,106,110],"class_list":{"0":"post-216076","1":"post","2":"type-post","3":"status-publish","4":"format-standard","5":"has-post-thumbnail","7":"category-ciencia-e-tecnologia","8":"tag-ciencia","9":"tag-ciencia-e-tecnologia","10":"tag-cienciaetecnologia","11":"tag-portugal","12":"tag-pt","13":"tag-science","14":"tag-science-and-technology","15":"tag-scienceandtechnology","16":"tag-technology","17":"tag-tecnologia"},"share_on_mastodon":{"url":"https:\/\/pubeurope.com\/@pt\/115843258301812108","error":""},"_links":{"self":[{"href":"https:\/\/www.europesays.com\/pt\/wp-json\/wp\/v2\/posts\/216076","targetHints":{"allow":["GET"]}}],"collection":[{"href":"https:\/\/www.europesays.com\/pt\/wp-json\/wp\/v2\/posts"}],"about":[{"href":"https:\/\/www.europesays.com\/pt\/wp-json\/wp\/v2\/types\/post"}],"author":[{"embeddable":true,"href":"https:\/\/www.europesays.com\/pt\/wp-json\/wp\/v2\/users\/2"}],"replies":[{"embeddable":true,"href":"https:\/\/www.europesays.com\/pt\/wp-json\/wp\/v2\/comments?post=216076"}],"version-history":[{"count":0,"href":"https:\/\/www.europesays.com\/pt\/wp-json\/wp\/v2\/posts\/216076\/revisions"}],"wp:featuredmedia":[{"embeddable":true,"href":"https:\/\/www.europesays.com\/pt\/wp-json\/wp\/v2\/media\/216077"}],"wp:attachment":[{"href":"https:\/\/www.europesays.com\/pt\/wp-json\/wp\/v2\/media?parent=216076"}],"wp:term":[{"taxonomy":"category","embeddable":true,"href":"https:\/\/www.europesays.com\/pt\/wp-json\/wp\/v2\/categories?post=216076"},{"taxonomy":"post_tag","embeddable":true,"href":"https:\/\/www.europesays.com\/pt\/wp-json\/wp\/v2\/tags?post=216076"}],"curies":[{"name":"wp","href":"https:\/\/api.w.org\/{rel}","templated":true}]}}