{"id":216106,"date":"2026-01-05T16:07:08","date_gmt":"2026-01-05T16:07:08","guid":{"rendered":"https:\/\/www.europesays.com\/pt\/216106\/"},"modified":"2026-01-05T16:07:08","modified_gmt":"2026-01-05T16:07:08","slug":"atencao-benfica-rafiu-durosinmi-esta-a-caminho-do-futebol-italiano","status":"publish","type":"post","link":"https:\/\/www.europesays.com\/pt\/216106\/","title":{"rendered":"Aten\u00e7\u00e3o, Benfica: Rafiu Durosinmi est\u00e1 a caminho do futebol italiano"},"content":{"rendered":"<p>Rafiu Durosinmi est\u00e1 muito perto de assinar contrato e refor\u00e7ar o Pisa, hoje na pen\u00faltima posi\u00e7\u00e3o da Liga Italiana, apurou o <strong>Maisfutebol<\/strong>.<\/p>\n<p>Os italianos aceitaram desembolsar dez milh\u00f5es de euros fixos, com outros dois milh\u00f5es de euros vari\u00e1veis, para tirar o ponta de lan\u00e7a nigeriano dos checos do Viktoria Plzen.<\/p>\n<p>Durosinmi, de 23 anos, estava referenciado pelo Benfica desde a \u00e9poca passada e, mais recentemente, foi oferecido ao clube encarnado, que, por sua vez, preferiu n\u00e3o investir na contrata\u00e7\u00e3o do jovem jogador.<\/p>\n<p>Conforme <strong><a href=\"https:\/\/maisfutebol.iol.pt\/benfica\/mercado-benfica\/viktoria-plzen-quer-cerca-de-12-milhoes-de-euros-por-alvo-nigeriano-do-benfica\" rel=\"nofollow noopener\" target=\"_blank\">o Maisfutebol escreveu<\/a><\/strong>, a SAD encarnada considerou o pre\u00e7o de 10 milh\u00f5es de euros fixos, mais dois milh\u00f5es vari\u00e1veis, demasiado alto pior um jogador que s\u00f3 tinha mais ano e meio de contrato.<\/p>\n<p>Neste momento, as \u00e1guias continuam interessadas no italiano Lorenzo Lucca, de 25 anos, que est\u00e1 emprestado pela Udinese ao N\u00e1poles. Entretanto, os valores envolvidos no neg\u00f3cio s\u00e3o altos, o que tem dificultado os avan\u00e7os nas conversa\u00e7\u00f5es.<\/p>\n","protected":false},"excerpt":{"rendered":"Rafiu Durosinmi est\u00e1 muito perto de assinar contrato e refor\u00e7ar o Pisa, hoje na pen\u00faltima posi\u00e7\u00e3o da Liga&hellip;\n","protected":false},"author":2,"featured_media":208035,"comment_status":"","ping_status":"","sticky":false,"template":"","format":"standard","meta":{"footnotes":""},"categories":[87],"tags":[51,135,40792,36,46,40,42,3589,41,32,33,47,40791,40402,134,35],"class_list":{"0":"post-216106","1":"post","2":"type-post","3":"status-publish","4":"format-standard","5":"has-post-thumbnail","7":"category-desporto","8":"tag-benfica","9":"tag-desporto","10":"tag-durosinmi","11":"tag-liga","12":"tag-maisfutebol","13":"tag-maistransferencias","14":"tag-mercado","15":"tag-mercado-benfica","16":"tag-mercado-de-transferencias","17":"tag-portugal","18":"tag-pt","19":"tag-pura-paixao","20":"tag-rafiu-durosinmi","21":"tag-reforco-benfica","22":"tag-sports","23":"tag-transferencias"},"share_on_mastodon":{"url":"https:\/\/pubeurope.com\/@pt\/115843356670878938","error":""},"_links":{"self":[{"href":"https:\/\/www.europesays.com\/pt\/wp-json\/wp\/v2\/posts\/216106","targetHints":{"allow":["GET"]}}],"collection":[{"href":"https:\/\/www.europesays.com\/pt\/wp-json\/wp\/v2\/posts"}],"about":[{"href":"https:\/\/www.europesays.com\/pt\/wp-json\/wp\/v2\/types\/post"}],"author":[{"embeddable":true,"href":"https:\/\/www.europesays.com\/pt\/wp-json\/wp\/v2\/users\/2"}],"replies":[{"embeddable":true,"href":"https:\/\/www.europesays.com\/pt\/wp-json\/wp\/v2\/comments?post=216106"}],"version-history":[{"count":0,"href":"https:\/\/www.europesays.com\/pt\/wp-json\/wp\/v2\/posts\/216106\/revisions"}],"wp:featuredmedia":[{"embeddable":true,"href":"https:\/\/www.europesays.com\/pt\/wp-json\/wp\/v2\/media\/208035"}],"wp:attachment":[{"href":"https:\/\/www.europesays.com\/pt\/wp-json\/wp\/v2\/media?parent=216106"}],"wp:term":[{"taxonomy":"category","embeddable":true,"href":"https:\/\/www.europesays.com\/pt\/wp-json\/wp\/v2\/categories?post=216106"},{"taxonomy":"post_tag","embeddable":true,"href":"https:\/\/www.europesays.com\/pt\/wp-json\/wp\/v2\/tags?post=216106"}],"curies":[{"name":"wp","href":"https:\/\/api.w.org\/{rel}","templated":true}]}}