{"id":216114,"date":"2026-01-05T16:14:08","date_gmt":"2026-01-05T16:14:08","guid":{"rendered":"https:\/\/www.europesays.com\/pt\/216114\/"},"modified":"2026-01-05T16:14:08","modified_gmt":"2026-01-05T16:14:08","slug":"10-pessoas-condenadas-por-assedio-online-a-brigitte-macron-rtp","status":"publish","type":"post","link":"https:\/\/www.europesays.com\/pt\/216114\/","title":{"rendered":"10 pessoas condenadas por ass\u00e9dio online a Brigitte Macron &#8211; RTP"},"content":{"rendered":"<ol>\n<li><a href=\"https:\/\/news.google.com\/rss\/articles\/CBMiowFBVV95cUxQZWxFM241UzU0a0xOXzRURFU1VjZqejd6bkoyemJsUUt3dzhYS2JwYU5MZXZESjBqbjU0MXpaSktocVdoVnRXYTEtYlg3cUhFTC0zRkZabU53VHg0WmZEYVUtZU5rR1FNdmpyQUJ1TUpLNlV5TWJvbHFxdTA1TVdxMlNUdU5ncHlneXRQa1FnUmFTR0lHS29jamdhWFR4WlFwMEtZ?oc=5\" target=\"_blank\" rel=\"nofollow noopener\">10 pessoas condenadas por ass\u00e9dio online a Brigitte Macron<\/a>&nbsp;&nbsp;RTP<\/li>\n<li><a href=\"https:\/\/news.google.com\/rss\/articles\/CBMi0gFBVV95cUxQZmtuSUZxVFJjYkU3eDlONHV1a0ItSndtQWRob3JiM1haSzdzbndUMFdlYXpIQnpHQ2JVdmZ6WTVteG1IWGxNMTk1YWliSlBIcVI5b0xYcUszT0FqZG1wNUxJMFhBbElwOWFyNkQ1UjUxa3QxNHE5MUxqa0ZiS25kek02cG00bzZKckx6d01TczIzV3B4NldSNm13UkZ0dkpJMzU4OG4wbGg0ZnhaWU0yeXJYMXVGRlcwblhGUzJGOGs4ZmlsM3ljYnA5MW1lUUlnZVE?oc=5\" target=\"_blank\" rel=\"nofollow noopener\">Fran\u00e7a condena 10 pessoas por ass\u00e9dio virtual sexista contra primeira-dama Brigitte Macron<\/a>&nbsp;&nbsp;Estad\u00e3o<\/li>\n<li><a href=\"https:\/\/news.google.com\/rss\/articles\/CBMi3AFBVV95cUxOYmM4TVRtUzUtNnJJaHhLQ3BJbVpveWZpTkxSaTRRNzNmUnhSZjFoaERUcWZwQjhNdXZqMEVLTzJEclZzMHQ3V1RBdkhNRUJIMGdsaFlGWVkycEU1WDJPTk8tU3RGcVJ6UFY4anBwOXlleWE3bnhTTG9UdkplczNvY0xzR251X2NJcGRkQzBkZGRZT0V4LTA0c3E4bWlxLS1jQ2JJTU94aFQ2V19HYng0SkhBLTRGeGxIb0VqcWtOX09WNXMtMEdMRnJKZk9tNXZxUHNrb2szcG53Q2Fy?oc=5\" target=\"_blank\" rel=\"nofollow noopener\">Justi\u00e7a francesa condena assediadores de Brigitte Macron a at\u00e9 6 meses de pris\u00e3o<\/a>&nbsp;&nbsp;UOL Not\u00edcias<\/li>\n<li><a href=\"https:\/\/news.google.com\/rss\/articles\/CBMivAFBVV95cUxQV2dRVTR4VHlTdnFFNFdHZzBtTEFKaDNqSGlzM3RzdnFiZC1jc3lYQVFTMzMtd19UTVJ2ZWl2ZXViWUVhWmIzNFdGY3YtMEJmY1VQdTFvS2t3M3I5UmVkb29NeWM1RjRSV01fZk52ZlA5X0EybmxfRXl6dnRZUFhvSi1aZEdkVHRsak85cDN1dUtiNFJvbmRsYjhBaG1VTVA1a2JfdlhxYTBpUDJqcWk3eVpWaGpYOUpoczZadw?oc=5\" target=\"_blank\" rel=\"nofollow noopener\">Tribunal de Paris condena 10 pessoas por ass\u00e9dio virtual contra primeira-dama da Fran\u00e7a<\/a>&nbsp;&nbsp;VEJA<\/li>\n<li><a href=\"https:\/\/news.google.com\/rss\/articles\/CBMi_AFBVV95cUxQTnM5ejNNV2VFQXJYYWNKNDFtTGNPb1Vkc3ItX0VDSTZVakZBc0VYMFlLbEh0bUZRUUxPVm9nMWFxN01WOTVEamFQcFZzMmNXVzRqc2FhUEZFS2lyX3hxVFlucmczNWhKWTdpb1FlSjF6b2JzRHZpNjhWMUkxeUlzeHZ3dC1LVHJFb1BDVEZtbklsNGkwUWIzWFBZOU1WUmdRNlZEcWkzNElwc2VHUGozUHVOdEdxN2ZGeThUenJFd1hvSnZsWVVaZUdfM01pTklJa3EwYzNEeHZhYS04VFIzWGFKbXRNU2VNaUMwcXJMaWxMT1BLc3lXU3RycVHSAYsCQVVfeXFMTUIyS1Y0RV9UNnJ5dXlDdDN6Q1Y2eGkwUHdjZjJxUXpOMVNnN0oxd2RkWk1ZQWFnOTV6TGt5a2NaNjVvZ0RCLXRJSjlCellKSUZ3NjZMSjRtbHBIMkRPTXJEMldkTHczRjR0amJrTFdJVm5TRUs2OXNxZzdtTnFuSjU2WEMxeEdzTm9HcGE2ZHZUMWFFb3kybnRSS3dJMTJISjQ1cGtqYnlWRFdJU2tEeEM2a0UySmFkb3FBUVNWaWFUSl9ieFdjYmdFNE1peGJBZ2xaNG1iYURqNDRVcGYycnpGQk5LamZPU3AzcUtFaGJnWFBWa0RXckRveExsVmdkRTJBbllfQXE1T1Nz?oc=5\" target=\"_blank\" rel=\"nofollow noopener\">Justi\u00e7a francesa condena autores de boatos sobre identidade de g\u00eanero de Brigitte Macron por cyberbullying<\/a>&nbsp;&nbsp;O Globo<\/li>\n<\/ol>\n","protected":false},"excerpt":{"rendered":"10 pessoas condenadas por ass\u00e9dio online a Brigitte Macron&nbsp;&nbsp;RTP Fran\u00e7a condena 10 pessoas por ass\u00e9dio virtual sexista contra&hellip;\n","protected":false},"author":2,"featured_media":196976,"comment_status":"","ping_status":"","sticky":false,"template":"","format":"standard","meta":{"footnotes":""},"categories":[8],"tags":[27,28,15,16,14,25,26,21,22,12,13,19,20,32,23,24,33,17,18,29,30,31],"class_list":{"0":"post-216114","1":"post","2":"type-post","3":"status-publish","4":"format-standard","5":"has-post-thumbnail","7":"category-principais-noticias","8":"tag-breaking-news","9":"tag-breakingnews","10":"tag-featured-news","11":"tag-featurednews","12":"tag-headlines","13":"tag-latest-news","14":"tag-latestnews","15":"tag-main-news","16":"tag-mainnews","17":"tag-news","18":"tag-noticias","19":"tag-noticias-principais","20":"tag-noticiasprincipais","21":"tag-portugal","22":"tag-principais-noticias","23":"tag-principaisnoticias","24":"tag-pt","25":"tag-top-stories","26":"tag-topstories","27":"tag-ultimas","28":"tag-ultimas-noticias","29":"tag-ultimasnoticias"},"share_on_mastodon":{"url":"https:\/\/pubeurope.com\/@pt\/115843384182284795","error":""},"_links":{"self":[{"href":"https:\/\/www.europesays.com\/pt\/wp-json\/wp\/v2\/posts\/216114","targetHints":{"allow":["GET"]}}],"collection":[{"href":"https:\/\/www.europesays.com\/pt\/wp-json\/wp\/v2\/posts"}],"about":[{"href":"https:\/\/www.europesays.com\/pt\/wp-json\/wp\/v2\/types\/post"}],"author":[{"embeddable":true,"href":"https:\/\/www.europesays.com\/pt\/wp-json\/wp\/v2\/users\/2"}],"replies":[{"embeddable":true,"href":"https:\/\/www.europesays.com\/pt\/wp-json\/wp\/v2\/comments?post=216114"}],"version-history":[{"count":0,"href":"https:\/\/www.europesays.com\/pt\/wp-json\/wp\/v2\/posts\/216114\/revisions"}],"wp:featuredmedia":[{"embeddable":true,"href":"https:\/\/www.europesays.com\/pt\/wp-json\/wp\/v2\/media\/196976"}],"wp:attachment":[{"href":"https:\/\/www.europesays.com\/pt\/wp-json\/wp\/v2\/media?parent=216114"}],"wp:term":[{"taxonomy":"category","embeddable":true,"href":"https:\/\/www.europesays.com\/pt\/wp-json\/wp\/v2\/categories?post=216114"},{"taxonomy":"post_tag","embeddable":true,"href":"https:\/\/www.europesays.com\/pt\/wp-json\/wp\/v2\/tags?post=216114"}],"curies":[{"name":"wp","href":"https:\/\/api.w.org\/{rel}","templated":true}]}}