{"id":216118,"date":"2026-01-05T16:20:10","date_gmt":"2026-01-05T16:20:10","guid":{"rendered":"https:\/\/www.europesays.com\/pt\/216118\/"},"modified":"2026-01-05T16:20:10","modified_gmt":"2026-01-05T16:20:10","slug":"star-wars-projeto-de-terror-da-saga-recebe-atualizacao","status":"publish","type":"post","link":"https:\/\/www.europesays.com\/pt\/216118\/","title":{"rendered":"Star Wars | Projeto de terror da saga recebe atualiza\u00e7\u00e3o"},"content":{"rendered":"<p class=\"wp-block-yoast-seo-estimated-reading-time yoast-reading-time__wrapper\">Estimated reading time: 2 minutos<\/p>\n<p>Meses depois de <a href=\"https:\/\/ovicio.com.br\/tag\/tony-gilroy\" target=\"_blank\" rel=\"noreferrer noopener nofollow\">Tony Gilroy<\/a>, o criador da s\u00e9rie <strong>Andor<\/strong>, revelar que a <a href=\"https:\/\/ovicio.com.br\/tag\/disney\" target=\"_blank\" rel=\"noreferrer noopener nofollow\">Disney<\/a> estava desenvolvendo algo voltado para o terror em <a href=\"https:\/\/ovicio.com.br\/tag\/star-wars\" target=\"_blank\" rel=\"noreferrer noopener nofollow\">Star Wars<\/a>, projeto recebe atualiza\u00e7\u00e3o.<\/p>\n<p>Sem maiores detalhes sobre a trama, em seu Patreon, o insider<strong> Daniel RPK <\/strong>reportou que a <a href=\"https:\/\/ovicio.com.br\/tag\/lucasfilm\" target=\"_blank\" rel=\"noreferrer noopener nofollow\">Lucasfilm<\/a> decidiu transformar a misteriosa produ\u00e7\u00e3o em uma s\u00e9rie para o streaming.<\/p>\n<p>Ainda n\u00e3o havia detalhes se tratava-se de um longa-metragem ou um programa de TV, o que parece ter mudado, conforme o est\u00fadio est\u00e1 avan\u00e7ando com o projeto.<\/p>\n<p>Agora, resta saber se ser\u00e1 uma s\u00e9rie live-action ou em anima\u00e7\u00e3o, enquanto uma previs\u00e3o de lan\u00e7amento tamb\u00e9m permanece indefinida para o <a href=\"https:\/\/ovicio.com.br\/tag\/disneyplus\" rel=\"nofollow noopener\" target=\"_blank\">Disney+<\/a>.<\/p>\n<p>Vale destacar que o terror n\u00e3o \u00e9 exatamente uma novidade para o universo de<strong> Star Wars<\/strong>, com a saga j\u00e1 tendo abordado o g\u00eanero em algumas ocasi\u00f5es em suas obras liter\u00e1rias.<\/p>\n<p>Algumas delas s\u00e3o a miniss\u00e9rie para os quadrinhos, <strong>Contos do Castelo de Vader<\/strong>, e um dos livros mais populares da franquia, <strong>Troopers da Morte<\/strong>.<\/p>\n<p>Leia mais sobre Star Wars:<\/p>\n<p><strong>Fonte: <\/strong><a href=\"https:\/\/x.com\/screentime\/status\/2008127601978589577\" target=\"_blank\" rel=\"noreferrer noopener nofollow\">ScreenTime.<\/a><\/p>\n","protected":false},"excerpt":{"rendered":"Estimated reading time: 2 minutos Meses depois de Tony Gilroy, o criador da s\u00e9rie Andor, revelar que a&hellip;\n","protected":false},"author":2,"featured_media":216119,"comment_status":"","ping_status":"","sticky":false,"template":"","format":"standard","meta":{"footnotes":""},"categories":[140],"tags":[1579,114,115,147,148,15415,146,32,33,5418,28442],"class_list":{"0":"post-216118","1":"post","2":"type-post","3":"status-publish","4":"format-standard","5":"has-post-thumbnail","7":"category-filmes","8":"tag-disney","9":"tag-entertainment","10":"tag-entretenimento","11":"tag-film","12":"tag-filmes","13":"tag-lucasfilm","14":"tag-movies","15":"tag-portugal","16":"tag-pt","17":"tag-star-wars","18":"tag-tony-gilroy"},"share_on_mastodon":{"url":"https:\/\/pubeurope.com\/@pt\/115843407921480928","error":""},"_links":{"self":[{"href":"https:\/\/www.europesays.com\/pt\/wp-json\/wp\/v2\/posts\/216118","targetHints":{"allow":["GET"]}}],"collection":[{"href":"https:\/\/www.europesays.com\/pt\/wp-json\/wp\/v2\/posts"}],"about":[{"href":"https:\/\/www.europesays.com\/pt\/wp-json\/wp\/v2\/types\/post"}],"author":[{"embeddable":true,"href":"https:\/\/www.europesays.com\/pt\/wp-json\/wp\/v2\/users\/2"}],"replies":[{"embeddable":true,"href":"https:\/\/www.europesays.com\/pt\/wp-json\/wp\/v2\/comments?post=216118"}],"version-history":[{"count":0,"href":"https:\/\/www.europesays.com\/pt\/wp-json\/wp\/v2\/posts\/216118\/revisions"}],"wp:featuredmedia":[{"embeddable":true,"href":"https:\/\/www.europesays.com\/pt\/wp-json\/wp\/v2\/media\/216119"}],"wp:attachment":[{"href":"https:\/\/www.europesays.com\/pt\/wp-json\/wp\/v2\/media?parent=216118"}],"wp:term":[{"taxonomy":"category","embeddable":true,"href":"https:\/\/www.europesays.com\/pt\/wp-json\/wp\/v2\/categories?post=216118"},{"taxonomy":"post_tag","embeddable":true,"href":"https:\/\/www.europesays.com\/pt\/wp-json\/wp\/v2\/tags?post=216118"}],"curies":[{"name":"wp","href":"https:\/\/api.w.org\/{rel}","templated":true}]}}