{"id":216120,"date":"2026-01-05T16:21:09","date_gmt":"2026-01-05T16:21:09","guid":{"rendered":"https:\/\/www.europesays.com\/pt\/216120\/"},"modified":"2026-01-05T16:21:09","modified_gmt":"2026-01-05T16:21:09","slug":"uma-baixa-e-uma-cara-nova-no-treino-do-sporting-antes-da-taca-da-liga","status":"publish","type":"post","link":"https:\/\/www.europesays.com\/pt\/216120\/","title":{"rendered":"Uma baixa e uma cara nova no treino do Sporting antes da Ta\u00e7a da Liga"},"content":{"rendered":"<p>O <a target=\"_blank\" class=\"editor-link autolink-enabled\" href=\"https:\/\/www.abola.pt\/futebol\/sporting-448\" data-resource-id=\"448\" data-resource-type=\"team\" data-sport=\"football\" rel=\"nofollow noopener\">Sporting<\/a> realiza esta segunda-feira o \u00faltimo treino antes do duelo com o <a target=\"_blank\" class=\"editor-link autolink-enabled\" href=\"https:\/\/www.abola.pt\/futebol\/vitoria-de-guimaraes-443\" data-resource-id=\"443\" data-resource-type=\"team\" data-sport=\"football\" rel=\"nofollow noopener\">Vit\u00f3ria de Guimar\u00e3es<\/a>, das meias-finais da Ta\u00e7a da Liga, com uma aus\u00eancia e uma novidade.<\/p>\n<p>Em sentido contr\u00e1rio, j\u00e1 foi poss\u00edvel ver em a\u00e7\u00e3o o primeiro refor\u00e7o de inverno dos le\u00f5es, Lu\u00eds <a target=\"_blank\" class=\"editor-link autolink-enabled\" href=\"https:\/\/www.abola.pt\/futebol\/jogador\/luis-guilherme-277181\" data-resource-id=\"277181\" data-resource-type=\"player\" data-sport=\"football\" rel=\"nofollow noopener\">Guilherme<\/a>, na Academia Cristiano Ronaldo, em Alcochete. O extremo ex-<a target=\"_blank\" class=\"editor-link autolink-enabled\" href=\"https:\/\/www.abola.pt\/futebol\/west-ham-94\" data-resource-id=\"94\" data-resource-type=\"team\" data-sport=\"football\" rel=\"nofollow noopener\">West Ham<\/a>, que assinou por quatro \u00e9pocas e meia, com cl\u00e1usula de 80 milh\u00f5es de euros, j\u00e1 est\u00e1 integrado.<\/p>\n<p>O treino em Alcochete antes da Ta\u00e7a da Liga ficou, de resto, marcado por um ambiente de boa disposi\u00e7\u00e3o.<\/p>\n","protected":false},"excerpt":{"rendered":"O Sporting realiza esta segunda-feira o \u00faltimo treino antes do duelo com o Vit\u00f3ria de Guimar\u00e3es, das meias-finais&hellip;\n","protected":false},"author":2,"featured_media":216121,"comment_status":"","ping_status":"","sticky":false,"template":"","format":"standard","meta":{"footnotes":""},"categories":[87],"tags":[135,32,33,134],"class_list":{"0":"post-216120","1":"post","2":"type-post","3":"status-publish","4":"format-standard","5":"has-post-thumbnail","7":"category-desporto","8":"tag-desporto","9":"tag-portugal","10":"tag-pt","11":"tag-sports"},"share_on_mastodon":{"url":"https:\/\/pubeurope.com\/@pt\/115843411931133090","error":""},"_links":{"self":[{"href":"https:\/\/www.europesays.com\/pt\/wp-json\/wp\/v2\/posts\/216120","targetHints":{"allow":["GET"]}}],"collection":[{"href":"https:\/\/www.europesays.com\/pt\/wp-json\/wp\/v2\/posts"}],"about":[{"href":"https:\/\/www.europesays.com\/pt\/wp-json\/wp\/v2\/types\/post"}],"author":[{"embeddable":true,"href":"https:\/\/www.europesays.com\/pt\/wp-json\/wp\/v2\/users\/2"}],"replies":[{"embeddable":true,"href":"https:\/\/www.europesays.com\/pt\/wp-json\/wp\/v2\/comments?post=216120"}],"version-history":[{"count":0,"href":"https:\/\/www.europesays.com\/pt\/wp-json\/wp\/v2\/posts\/216120\/revisions"}],"wp:featuredmedia":[{"embeddable":true,"href":"https:\/\/www.europesays.com\/pt\/wp-json\/wp\/v2\/media\/216121"}],"wp:attachment":[{"href":"https:\/\/www.europesays.com\/pt\/wp-json\/wp\/v2\/media?parent=216120"}],"wp:term":[{"taxonomy":"category","embeddable":true,"href":"https:\/\/www.europesays.com\/pt\/wp-json\/wp\/v2\/categories?post=216120"},{"taxonomy":"post_tag","embeddable":true,"href":"https:\/\/www.europesays.com\/pt\/wp-json\/wp\/v2\/tags?post=216120"}],"curies":[{"name":"wp","href":"https:\/\/api.w.org\/{rel}","templated":true}]}}