{"id":216126,"date":"2026-01-05T16:26:10","date_gmt":"2026-01-05T16:26:10","guid":{"rendered":"https:\/\/www.europesays.com\/pt\/216126\/"},"modified":"2026-01-05T16:26:10","modified_gmt":"2026-01-05T16:26:10","slug":"homicidios-de-reclusos-e-falhas-de-energia-como-e-a-prisao-onde-ficou-nicolas-maduro-justica","status":"publish","type":"post","link":"https:\/\/www.europesays.com\/pt\/216126\/","title":{"rendered":"Homic\u00eddios de reclusos e falhas de energia: como \u00e9 a pris\u00e3o onde ficou Nicol\u00e1s Maduro | Justi\u00e7a"},"content":{"rendered":"<p>As not\u00edcias sucedem-se: morte de reclusos, problemas de salubridade e guardas prisionais violentos. \u00c9 assim que \u00e9 descrito, quase como uma masmorra, o Centro de Deten\u00e7\u00e3o Metropolitano de Brooklyn (MDC, na sigla original), em Nova Iorque, onde Nicol\u00e1s Maduro aguarda julgamento e imita o percurso de alguns dos criminosos mais c\u00e9lebres das \u00faltimas d\u00e9cadas nos EUA, como <a href=\"https:\/\/www.publico.pt\/2025\/10\/03\/culturaipsilon\/noticia\/sean-diddy-combs-condenado-quatro-anos-prisao-2149585\" rel=\"nofollow noopener\" target=\"_blank\">Sean \u201cDiddy\u201d Combs<\/a>, <a href=\"https:\/\/www.publico.pt\/2014\/02\/23\/mundo\/noticia\/el-chapo-o-traficante-maior-do-que-a-sua-altura-e-mais-pequeno-do-que-o-mito-1625930\" rel=\"nofollow noopener\" target=\"_blank\">Joaquin \u201cEl Chapo\u2019\u2019 Guzman<\/a>, <a href=\"https:\/\/www.publico.pt\/2025\/12\/18\/impar\/noticia\/ghislaine-maxwell-pede-anulacao-condenacao-alegando-novas-provas-substanciais-2158523\" rel=\"nofollow noopener\" target=\"_blank\">Ghislaine Maxwell <\/a>ou <a href=\"https:\/\/www.publico.pt\/2024\/12\/17\/mundo\/noticia\/eua-luigi-mangione-formalmente-acusado-homicidio-ceo-seguradora-2116084\" rel=\"nofollow noopener\" target=\"_blank\">Luigi Mangione<\/a>.<\/p>\n<p>Existe uma ala dedicada a estes arguidos de alto perfil, que exigem uma maior protec\u00e7\u00e3o, refere a<a href=\"https:\/\/www.thetimes.com\/us\/news-today\/article\/brooklyn-jail-which-held-ghislaine-maxwell-luigi-mangione-and-now-maduro-85jw2scrl\" target=\"_blank\" rel=\"nofollow noopener\"> revista Time<\/a>, a prop\u00f3sito da <a href=\"https:\/\/www.publico.pt\/2026\/01\/05\/mundo\/noticia\/venezuela-presidente-interina-oferecese-colaborar-eua-2160070#116158\" rel=\"nofollow noopener\" target=\"_blank\">primeira audi\u00eancia<\/a> do Presidente venezuelano extra\u00eddo do seu pa\u00eds pelas for\u00e7as norte-americanas, nesta segunda-feira, perante o juiz Alvin Hellerstein, que acompanha a investiga\u00e7\u00e3o contra o narcotr\u00e1fico na Venezuela h\u00e1 15 anos.<\/p>\n<p>Maduro, que foi capturado no s\u00e1bado, num<a href=\"https:\/\/www.publico.pt\/2026\/01\/03\/mundo\/noticia\/eua-atacam-venezuela-capturam-maduro-droga-mortes-petroleiros-dois-pontos-entender-conflito-2159959\" rel=\"nofollow noopener\" target=\"_blank\"> ataque conduzido pelos EUA<\/a>, poder\u00e1 ter oportunidade de ver alguns dos seus co-arguidos que est\u00e3o no mesmo estabelecimento prisional, como Hugo Carvajal, o antigo chefe espi\u00e3o da Venezuela, ou Anderson Zambrano-Pacheco, que faz parte de um gangue de narcotr\u00e1fico venezuelano.<\/p>\n<p>Mas n\u00e3o o far\u00e1 por enquanto, j\u00e1 que tanto o Presidente como a mulher, Cilia Flores, estar\u00e3o em confinamento em celas solit\u00e1rias, avan\u00e7a a Reuters, permanecendo fechados durante 23 horas por dia, com refei\u00e7\u00f5es entregues \u00e0 porta e uma hora reservada para exerc\u00edcio numa pequena \u00e1rea cercada. Quanto \u00e0 higiene pessoal, ter\u00e3o acesso ao duche apenas tr\u00eas vezes por semana.<\/p>\n<p>                &#13;<br \/>\n                    &#13;<br \/>\n                    &#13;<br \/>\n                        Nicolas Maduro e Cilia Flores&#13;<br \/>\nEPA\/RAYNER PENA R.                    &#13;<\/p>\n<p>E, de resto, n\u00e3o estar\u00e3o em particularmente boas condi\u00e7\u00f5es. O edif\u00edcio do MDC foi inaugurado em 1994, com capacidade para entre 1300 e 1600 reclusos, enumera o The New York Times (NYT). E o hist\u00f3rico de problemas de viol\u00eancia, suic\u00eddios e insalubridade soma-se quase desde o in\u00edcio, segundo testemunhos corroborados por v\u00e1rios reclusos nas \u00faltimas d\u00e9cadas.<\/p>\n<p>Em 2007, um grupo de guardas prisionais foi condenado por agredir reclusos e, uma d\u00e9cada depois, outros foram julgados por abusar sexualmente de prisioneiras. Anos depois, em 2020, o esc\u00e2ndalo alastrou-se quando dois reclusos morreram na pris\u00e3o, depois de um epis\u00f3dio de viol\u00eancia com os guardas, que agrediram uma das v\u00edtimas com g\u00e1s pimenta, conta o di\u00e1rio nova-iorquino.<\/p>\n<p>O MDC tamb\u00e9m fez manchetes em 2019 quando uma falha de energia deixou sem luz e aquecimento as instala\u00e7\u00f5es durante uma semana inteira. As temperaturas chegaram aos 2\u00baC negativos no interior da pris\u00e3o, descreve o mesmo jornal. S\u00f3 2023 \u00e9 que o estabelecimento chegou a acordo com os mais de mil reclusos que apresentaram reclama\u00e7\u00f5es \u2014 69 deles sofreram problemas de sa\u00fade decorrentes do frio, que n\u00e3o foram tratados, e receberam uma compensa\u00e7\u00e3o de 17.500 d\u00f3lares (cerca de 15 mil euros).<\/p>\n<p>        &#13;<br \/>\n            &#13;<br \/>\n            &#13;<br \/>\n                Sean Diddy Combs tamb\u00e9m esteve no MDC&#13;<br \/>\nDanny Moloshok\/Reuters            &#13;<br \/>\n&#13;<\/p>\n<p><strong>\u201cCondi\u00e7\u00f5es b\u00e1rbaras\u201d<\/strong><\/p>\n<p>Em 2021, tamb\u00e9m Ghislaine Maxwell, a ex-namorada de Jeffrey Epstein condenada por tr\u00e1fico sexual, que esteve presa no MDC enquanto aguardava pela senten\u00e7a, descreveu um ambiente digno de inferno: derrames dos esgotos, falta de \u00e1gua para consumo e excrementos de ratos, al\u00e9m da \u201chipervigil\u00e2ncia\u201d por guardas extremamente autorit\u00e1rios.<\/p>\n<p>Em 2024, o ambiente hostil agravou-se quando dois reclusos foram assassinados por outros companheiros \u2014 nesse mesmo ano, um guarda impediu um ataque com uma arma branca a \u201cDiddy\u201d, que dividia cela com outros reclusos enquanto aguardava<a href=\"https:\/\/www.publico.pt\/2025\/10\/03\/culturaipsilon\/noticia\/sean-diddy-combs-condenado-quatro-anos-prisao-2149585\" rel=\"nofollow noopener\" target=\"_blank\"> pela senten\u00e7a<\/a> (quatro anos de pris\u00e3o por transporte de ex-namoradas para prostitui\u00e7\u00e3o).<\/p>\n<p>Pouco depois do incidente com Sean Combs, dois guardas prisionais foram acusados judicialmente de aceitar subornos e fornecer contrabando. A senten\u00e7a do caso levou o juiz Gary J Brown a confessar que at\u00e9 hesitava em enviar reclusos para as instala\u00e7\u00f5es pelas \u201ccondi\u00e7\u00f5es perigosas e b\u00e1rbaras\u201d. E reiterou, citado pelo NYT: \u201cAs alega\u00e7\u00f5es de supervis\u00e3o inadequada, agress\u00f5es desenfreadas e falta de cuidados m\u00e9dicos suficientes s\u00e3o apoiadas por um conjunto crescente de provas, com certos casos que s\u00e3o irrefut\u00e1veis. Reina o caos, juntamente com a viol\u00eancia descontrolada.\u201d<\/p>\n<p>                &#13;<br \/>\n                    &#13;<br \/>\n                    &#13;<br \/>\n                        O MDC de Brooklyn&#13;<br \/>\nREUTERS\/Eduardo Munoz                    &#13;<\/p>\n<p>Em resultado do acumular de pol\u00e9micas, o Departamento Federal de Pris\u00f5es tem tentado melhorar as condi\u00e7\u00f5es do MDC, atrav\u00e9s do refor\u00e7o de guardas prisionais e da melhoria da rede el\u00e9ctrica, de aquecimento e de canaliza\u00e7\u00e3o, reduzindo em simult\u00e2neo o n\u00famero de reclusos nas instala\u00e7\u00f5es \u2014 agora s\u00e3o 1300, em vez de 1600. \u201cEm suma, o MDC de Brooklyn \u00e9 seguro para os reclusos e funcion\u00e1rios\u201d, prometeu o Governo norte-americano em Setembro.<\/p>\n<p>Contudo, nesse mesmo m\u00eas, soube-se que o Departamento de Justi\u00e7a tinha acusado 25 pessoas de viol\u00eancia e contrabando no MDC \u2014 num dos casos, um dos guardas transportava sacos selados a v\u00e1cuo com droga e cigarros debaixo do colete de protec\u00e7\u00e3o para fornecer a reclusos.<\/p>\n<p>Resta saber quanto tempo Nicol\u00e1s Maduro e a mulher, Cilia Flores, v\u00e3o aguardar julgamento em Brooklyn, ao lado de outros reclusos c\u00e9lebres, como Ismael \u201cEl Mayo\u201d Zambada Garcia, co-fundador do Cartel de Sinaloa, no M\u00e9xico; ou <a href=\"https:\/\/www.publico.pt\/2024\/12\/17\/mundo\/noticia\/eua-luigi-mangione-formalmente-acusado-homicidio-ceo-seguradora-2116084\" rel=\"nofollow noopener\" target=\"_blank\">Luigi Mangione<\/a>, acusado formalmente h\u00e1 um ano de matar o CEO da UnitedHealthcare, Brian Thompson.<\/p>\n","protected":false},"excerpt":{"rendered":"As not\u00edcias sucedem-se: morte de reclusos, problemas de salubridade e guardas prisionais violentos. \u00c9 assim que \u00e9 descrito,&hellip;\n","protected":false},"author":2,"featured_media":216127,"comment_status":"","ping_status":"","sticky":false,"template":"","format":"standard","meta":{"footnotes":""},"categories":[50],"tags":[27,28,413,15,16,14,708,603,25,26,21,22,62,12,3025,13,19,20,712,23,24,4893,17,18,29,30,31,3023,63,64,65],"class_list":{"0":"post-216126","1":"post","2":"type-post","3":"status-publish","4":"format-standard","5":"has-post-thumbnail","7":"category-mundo","8":"tag-breaking-news","9":"tag-breakingnews","10":"tag-eua","11":"tag-featured-news","12":"tag-featurednews","13":"tag-headlines","14":"tag-impar","15":"tag-justica","16":"tag-latest-news","17":"tag-latestnews","18":"tag-main-news","19":"tag-mainnews","20":"tag-mundo","21":"tag-news","22":"tag-nicolas-maduro","23":"tag-noticias","24":"tag-noticias-principais","25":"tag-noticiasprincipais","26":"tag-pessoas","27":"tag-principais-noticias","28":"tag-principaisnoticias","29":"tag-prisoes","30":"tag-top-stories","31":"tag-topstories","32":"tag-ultimas","33":"tag-ultimas-noticias","34":"tag-ultimasnoticias","35":"tag-venezuela","36":"tag-world","37":"tag-world-news","38":"tag-worldnews"},"share_on_mastodon":{"url":"https:\/\/pubeurope.com\/@pt\/115843431423921552","error":""},"_links":{"self":[{"href":"https:\/\/www.europesays.com\/pt\/wp-json\/wp\/v2\/posts\/216126","targetHints":{"allow":["GET"]}}],"collection":[{"href":"https:\/\/www.europesays.com\/pt\/wp-json\/wp\/v2\/posts"}],"about":[{"href":"https:\/\/www.europesays.com\/pt\/wp-json\/wp\/v2\/types\/post"}],"author":[{"embeddable":true,"href":"https:\/\/www.europesays.com\/pt\/wp-json\/wp\/v2\/users\/2"}],"replies":[{"embeddable":true,"href":"https:\/\/www.europesays.com\/pt\/wp-json\/wp\/v2\/comments?post=216126"}],"version-history":[{"count":0,"href":"https:\/\/www.europesays.com\/pt\/wp-json\/wp\/v2\/posts\/216126\/revisions"}],"wp:featuredmedia":[{"embeddable":true,"href":"https:\/\/www.europesays.com\/pt\/wp-json\/wp\/v2\/media\/216127"}],"wp:attachment":[{"href":"https:\/\/www.europesays.com\/pt\/wp-json\/wp\/v2\/media?parent=216126"}],"wp:term":[{"taxonomy":"category","embeddable":true,"href":"https:\/\/www.europesays.com\/pt\/wp-json\/wp\/v2\/categories?post=216126"},{"taxonomy":"post_tag","embeddable":true,"href":"https:\/\/www.europesays.com\/pt\/wp-json\/wp\/v2\/tags?post=216126"}],"curies":[{"name":"wp","href":"https:\/\/api.w.org\/{rel}","templated":true}]}}