{"id":216132,"date":"2026-01-05T16:29:14","date_gmt":"2026-01-05T16:29:14","guid":{"rendered":"https:\/\/www.europesays.com\/pt\/216132\/"},"modified":"2026-01-05T16:29:14","modified_gmt":"2026-01-05T16:29:14","slug":"rita-patrocinio-e-tiago-teotonio-pereira-vao-ser-pais-do-terceiro-filho","status":"publish","type":"post","link":"https:\/\/www.europesays.com\/pt\/216132\/","title":{"rendered":"Rita Patroc\u00ednio e Tiago Teot\u00f3nio Pereira v\u00e3o ser pais do terceiro filho"},"content":{"rendered":"<p>Rita Patroc\u00ednio e Tiago Teot\u00f3nio Pereira v\u00e3o ser pais do terceiro filho em comum. A grande novidade foi anunciada esta segunda-feira, 5 de janeiro, atrav\u00e9s das redes sociais.\u00a0<\/p>\n<p>A irm\u00e3 de Carolina Patroc\u00ednio partilhou um v\u00eddeo divertido no qual as duas filhas mais velhas do casal s\u00e3o protagonistas e contam ter guardado um enorme segredo: a m\u00e3e tem um beb\u00e9 na barriga.\u00a0<\/p>\n<p>&#8220;Nao h\u00e1 duas, sem tr\u00eas&#8221;, declarou o casal na legenda das imagens, que pode ver ao detalhe na publica\u00e7\u00e3o abaixo:\u00a0<\/p>\n<blockquote class=\"instagram-media\" style=\"background: #FFF; border: 0; border-radius: 3px; box-shadow: 0 0 1px 0 rgba(0,0,0,0.5),0 1px 10px 0 rgba(0,0,0,0.15); margin: 1px; max-width: 540px; min-width: 326px; padding: 0; width: calc(100% - 2px);\" data-instgrm-permalink=\"https:\/\/www.instagram.com\/reel\/DTIhub4AojA\/?utm_source=ig_embed&amp;utm_campaign=loading\" data-instgrm-version=\"14\"><p>&#13;<br \/>\n                                                    &#13;\n                                                    <\/p><\/blockquote>\n<p>Rita Patroc\u00ednio e Tiago Teot\u00f3nio Pereira casaram-se a 1 de setembro de 2023 depois de v\u00e1rios anos de rela\u00e7\u00e3o. A designer e o ator s\u00e3o pais de Camila, de quatro anos, que nasceu em setembro de 2021, e J\u00falia, de um ano, que nasceu em maio de 2024.\u00a0<\/p>\n<p>\u00a0A fam\u00edlia vai agora aumentar e as duas meninas receber a chegada de um irm\u00e3o mais novo, sujo sexo n\u00e3o foi ainda revelado.\u00a0<\/p>\n<p>                                                    <img decoding=\"async\" src=\"https:\/\/www.europesays.com\/pt\/wp-content\/uploads\/2026\/01\/naom_6891d1e959aa4.jpg\" border=\"0\" alt=\"Lu\u00edza Abreu confirma gravidez em v\u00eddeo com Jo\u00e3o Moura Caetano\"\/><\/p>\n<p>A irm\u00e3 de Luciana Abreu, Lu\u00edza Abreu, acaba de confirmar que est\u00e1 gr\u00e1vida pela primeira vez, fruto do noivado com Jo\u00e3o Moura Caetano. A artista publicou um v\u00eddeo no Instagram onde anuncia a novidade.<\/p>\n<p>                                                     Not\u00edcias ao Minuto | 16:49 &#8211; 02\/01\/2026 <\/p>\n<p>                                    <script async src=\"\/\/www.instagram.com\/embed.js\"><\/script><\/p>\n","protected":false},"excerpt":{"rendered":"Rita Patroc\u00ednio e Tiago Teot\u00f3nio Pereira v\u00e3o ser pais do terceiro filho em comum. A grande novidade foi&hellip;\n","protected":false},"author":2,"featured_media":216133,"comment_status":"","ping_status":"","sticky":false,"template":"","format":"standard","meta":{"footnotes":""},"categories":[145],"tags":[211,210,114,115,32,33],"class_list":{"0":"post-216132","1":"post","2":"type-post","3":"status-publish","4":"format-standard","5":"has-post-thumbnail","7":"category-celebridades","8":"tag-celebridades","9":"tag-celebrities","10":"tag-entertainment","11":"tag-entretenimento","12":"tag-portugal","13":"tag-pt"},"share_on_mastodon":{"url":"https:\/\/pubeurope.com\/@pt\/115843443132961061","error":""},"_links":{"self":[{"href":"https:\/\/www.europesays.com\/pt\/wp-json\/wp\/v2\/posts\/216132","targetHints":{"allow":["GET"]}}],"collection":[{"href":"https:\/\/www.europesays.com\/pt\/wp-json\/wp\/v2\/posts"}],"about":[{"href":"https:\/\/www.europesays.com\/pt\/wp-json\/wp\/v2\/types\/post"}],"author":[{"embeddable":true,"href":"https:\/\/www.europesays.com\/pt\/wp-json\/wp\/v2\/users\/2"}],"replies":[{"embeddable":true,"href":"https:\/\/www.europesays.com\/pt\/wp-json\/wp\/v2\/comments?post=216132"}],"version-history":[{"count":0,"href":"https:\/\/www.europesays.com\/pt\/wp-json\/wp\/v2\/posts\/216132\/revisions"}],"wp:featuredmedia":[{"embeddable":true,"href":"https:\/\/www.europesays.com\/pt\/wp-json\/wp\/v2\/media\/216133"}],"wp:attachment":[{"href":"https:\/\/www.europesays.com\/pt\/wp-json\/wp\/v2\/media?parent=216132"}],"wp:term":[{"taxonomy":"category","embeddable":true,"href":"https:\/\/www.europesays.com\/pt\/wp-json\/wp\/v2\/categories?post=216132"},{"taxonomy":"post_tag","embeddable":true,"href":"https:\/\/www.europesays.com\/pt\/wp-json\/wp\/v2\/tags?post=216132"}],"curies":[{"name":"wp","href":"https:\/\/api.w.org\/{rel}","templated":true}]}}