{"id":216134,"date":"2026-01-05T16:32:14","date_gmt":"2026-01-05T16:32:14","guid":{"rendered":"https:\/\/www.europesays.com\/pt\/216134\/"},"modified":"2026-01-05T16:32:14","modified_gmt":"2026-01-05T16:32:14","slug":"fora-do-secret-story-ines-mostra-se-insatisfeita-com-o-que-descobriu-sobre-vera-dois-as-10","status":"publish","type":"post","link":"https:\/\/www.europesays.com\/pt\/216134\/","title":{"rendered":"Fora do \u00abSecret Story\u00bb, In\u00eas mostra-se insatisfeita com o que descobriu sobre Vera &#8211; Dois \u00e0s 10"},"content":{"rendered":"<p>                        No Dois \u00e0s 10, In\u00eas revelou a Cristina Ferreira que n\u00e3o tem inten\u00e7\u00e3o de falar com a ex-colega.<\/p>\n<p data-end=\"536\" data-start=\"246\">Em conversa com Cristina Ferreira, In\u00eas Gama foi clara ao falar sobre a rela\u00e7\u00e3o com Vera Cl\u00e1udia ap\u00f3s a sa\u00edda do Secret Story 9. A ex-concorrente garantiu que n\u00e3o v\u00ea qualquer futuro numa amizade fora da casa e explicou que, para si, o jogo terminou no momento em que saiu do reality show.<\/p>\n<p data-end=\"968\" data-start=\"538\"><strong>\u201cN\u00e3o, e acho que \u00e9 algo que n\u00e3o vai acontecer\u201d<\/strong>, come\u00e7ou por afirmar, quando questionada sobre a possibilidade de voltarem a falar. In\u00eas considera que Vera est\u00e1 a prolongar a narrativa criada dentro da casa para manter visibilidade:<strong> \u201cEu acho que s\u00e3o pessoas que est\u00e3o a alimentar-se do que aconteceu tudo dentro da casa e \u00e9 algo que eu n\u00e3o quero fazer. Foi um jogo para mim, acabou. O que interessa \u00e9 a minha vida agora aqui fora\u201d.<\/strong><\/p>\n<p data-end=\"1362\" data-start=\"970\">A ex-concorrente foi ainda mais direta ao comentar a postura da colega ap\u00f3s o programa, admitindo que acredita que Vera continua a interpretar uma personagem. <strong>\u201cSim, sem d\u00favida. Eu n\u00e3o tenho no\u00e7\u00e3o de muita coisa porque tamb\u00e9m n\u00e3o fiz quest\u00e3o de ver. Estive muito na minha bolha estes dias. Portanto, sim, considero muito que \u00e9 o tentar continuar a aparecer por tudo o que aconteceu\u201d,<\/strong> explicou.<\/p>\n<p data-end=\"1624\" data-start=\"1364\">Apesar de reconhecer que entrou numa din\u00e2mica de brincadeira dentro da casa, In\u00eas mostrou-se hoje distante e focada em seguir em frente. \u201cEstou, sem d\u00favida, mais interessada em viver a minha vida agora aqui fora do que continuar aquela casa c\u00e1 fora\u201d, concluiu.<\/p>\n","protected":false},"excerpt":{"rendered":"No Dois \u00e0s 10, In\u00eas revelou a Cristina Ferreira que n\u00e3o tem inten\u00e7\u00e3o de falar com a ex-colega.&hellip;\n","protected":false},"author":2,"featured_media":216135,"comment_status":"","ping_status":"","sticky":false,"template":"","format":"standard","meta":{"footnotes":""},"categories":[142],"tags":[329,166,3412,3406,3409,801,3410,3411,3407,3408,114,115,15353,3413,338,32,33,1315,151,11841],"class_list":{"0":"post-216134","1":"post","2":"type-post","3":"status-publish","4":"format-standard","5":"has-post-thumbnail","7":"category-tv","8":"tag-claudio-ramos","9":"tag-cristina-ferreira","10":"tag-dois-10","11":"tag-dois-a-s-10-dois-a-s-10","12":"tag-dois-a-s-dez","13":"tag-dois-as-10","14":"tag-dois-as-dez","15":"tag-dois-dez","16":"tag-doisas10","17":"tag-doisasdez","18":"tag-entertainment","19":"tag-entretenimento","20":"tag-ines","21":"tag-manha-tvi","22":"tag-maria-botelho-moniz","23":"tag-portugal","24":"tag-pt","25":"tag-secret-story","26":"tag-tv","27":"tag-vera"},"share_on_mastodon":{"url":"https:\/\/pubeurope.com\/@pt\/115843454893066425","error":""},"_links":{"self":[{"href":"https:\/\/www.europesays.com\/pt\/wp-json\/wp\/v2\/posts\/216134","targetHints":{"allow":["GET"]}}],"collection":[{"href":"https:\/\/www.europesays.com\/pt\/wp-json\/wp\/v2\/posts"}],"about":[{"href":"https:\/\/www.europesays.com\/pt\/wp-json\/wp\/v2\/types\/post"}],"author":[{"embeddable":true,"href":"https:\/\/www.europesays.com\/pt\/wp-json\/wp\/v2\/users\/2"}],"replies":[{"embeddable":true,"href":"https:\/\/www.europesays.com\/pt\/wp-json\/wp\/v2\/comments?post=216134"}],"version-history":[{"count":0,"href":"https:\/\/www.europesays.com\/pt\/wp-json\/wp\/v2\/posts\/216134\/revisions"}],"wp:featuredmedia":[{"embeddable":true,"href":"https:\/\/www.europesays.com\/pt\/wp-json\/wp\/v2\/media\/216135"}],"wp:attachment":[{"href":"https:\/\/www.europesays.com\/pt\/wp-json\/wp\/v2\/media?parent=216134"}],"wp:term":[{"taxonomy":"category","embeddable":true,"href":"https:\/\/www.europesays.com\/pt\/wp-json\/wp\/v2\/categories?post=216134"},{"taxonomy":"post_tag","embeddable":true,"href":"https:\/\/www.europesays.com\/pt\/wp-json\/wp\/v2\/tags?post=216134"}],"curies":[{"name":"wp","href":"https:\/\/api.w.org\/{rel}","templated":true}]}}